{"id":59671,"date":"2026-01-23T16:27:55","date_gmt":"2026-01-23T15:27:55","guid":{"rendered":"https:\/\/www.dynatos.com\/?p=59671"},"modified":"2026-02-19T16:32:15","modified_gmt":"2026-02-19T15:32:15","slug":"spain-sii-renunciation-window-verifactu-delay","status":"publish","type":"post","link":"https:\/\/www.dynatos.com\/no\/blog\/spain-sii-renunciation-window-verifactu-delay\/","title":{"rendered":"Spania gir utvidet frist for \u00e5 trekke seg fra SII etter VERIFACTU-utsettelsen"},"content":{"rendered":"<p><strong>Spania har innf\u00f8rt et ekstraordin\u00e6rt tiltak som gir selskaper mulighet til \u00e5 trekke seg fra frivillig deltakelse i SII etter utsettelsen av VERIFACTU. Endringen ble innf\u00f8rt gjennom kongelig dekretlov 16\/2025 og gjelder virksomheter som meldte seg inn i SII spesielt for \u00e5 dra nytte av unntaket fra VERIFACTU.<\/strong><\/p>\n<p>Denne midlertidige ordningen retter opp en utilsiktet konsekvens av utsettelsen av VERI*FACTU, som f\u00f8rte til at enkelte skattepliktige ble bundet til SII selv om den opprinnelige begrunnelsen for \u00e5 melde seg inn ikke lenger var relevant. Selve utsettelsen er en del av en bredere justering av Spanias veikart for e-fakturering, som forklart i <a href=\"https:\/\/www.dynatos.com\/no\/blog\/spain-pushes-back-e-invoicing-go-live-date\/\" target=\"_blank\" rel=\"noopener\">Spania utsetter go-live for e-fakturering<\/a>.<\/p>\n<h2>Hvorfor SII og VERI*FACTU ble koblet sammen<\/h2>\n<p>Innenfor VERIFACTU-rammeverket er selskaper som deltar i SII unntatt fra visse VERI*FACTU-forpliktelser. Denne koblingen f\u00f8rte til at mange virksomheter frivillig registrerte seg i SII i l\u00f8pet av 2025 for \u00e5 unng\u00e5 ytterligere compliance-krav knyttet til VERI*FACTU.<\/p>\n<p>Denne unntaksordningen inng\u00e5r i Spanias bredere innsats for \u00e5 samordne nasjonale rammeverk for e-fakturering og rapportering med europeiske standarder \u2013 en retning som tidligere er beskrevet i <a href=\"https:\/\/www.dynatos.com\/no\/blog\/spain-aligns-b2b-e-invoicing-standards-with-eu-equirements\/\" target=\"_blank\" rel=\"noopener\">Spania tilpasser B2B e-faktureringsstandarder til EU-krav<\/a>.<\/p>\n<h2>Tidsutfordringen for frivillige SII-deltakere<\/h2>\n<p>Den ordin\u00e6re fristen for \u00e5 trekke seg fra SII er i november \u00e5ret f\u00f8r. Da utsettelsen av VERI*FACTU ble bekreftet i desember 2025, var denne fristen allerede passert.<\/p>\n<p>Resultatet var at selskaper som hadde meldt seg inn i SII utelukkende av hensyn til VERIFACTU, ikke kunne forlate ordningen gjennom den normale prosessen \u2013 selv om det regulatoriske grunnlaget hadde endret seg. De bredere konsekvensene av VERIFACTU-utsettelsen, som n\u00e5 skyver tidslinjen til 2027, er n\u00e6rmere forklart i <a href=\"https:\/\/www.dynatos.com\/no\/blog\/verifactu-e-invoicing-in-spain-delayed-until-2027\/\" target=\"_blank\" rel=\"noopener\">VERIFACTU e-fakturering i Spania utsatt til 2027<\/a>.<\/p>\n<h2>Hva overgangsregelen \u00e5pner for<\/h2>\n<p>Kongelig dekretlov 16\/2025 innf\u00f8rer en spesifikk overgangsordning for \u00e5 l\u00f8se denne situasjonen.<\/p>\n<p>Selskaper som frivillig valgte elektronisk f\u00f8ring av mva-registre via den spanske skattemyndighetens elektroniske plattform, f\u00e5r en ekstraordin\u00e6r mulighet til \u00e5 trekke seg fra SII utenfor den ordin\u00e6re fristen.<\/p>\n<p>Hovedelementene i tiltaket er:<\/p>\n<ul>\n<li>En ekstraordin\u00e6r periode for fratreden fra 25. desember 2025 til 31. januar 2026<\/li>\n<li>Ordningen gjelder kun skattepliktige som meldte seg inn i SII p\u00e5 frivillig basis<\/li>\n<li>Selskaper som er underlagt obligatorisk SII-rapportering er uttrykkelig unntatt<\/li>\n<\/ul>\n<h2>Hva dette betyr for virksomheter<\/h2>\n<p>For selskaper som meldte seg inn i SII utelukkende for \u00e5 f\u00e5 unntak fra VERI*FACTU-krav, gjenoppretter dette tiltaket fleksibilitet. Det gir dem mulighet til \u00e5 revurdere sitt rapporteringsoppsett i lys av den reviderte tidslinjen for VERI*FACTU og avgj\u00f8re om videre deltakelse i SII fortsatt gir tilstrekkelig verdi.<\/p>\n<p>Samtidig betyr den snevre avgrensningen og korte tidsrammen at virksomheter m\u00e5 handle raskt og bekrefte sin berettigelse f\u00f8r de iverksetter endringer.<\/p>\n<h2>Punkter \u00e5 vurdere f\u00f8r man trekker seg fra SII<\/h2>\n<p>F\u00f8r virksomheter benytter seg av denne ekstraordin\u00e6re perioden, b\u00f8r de vurdere:<\/p>\n<ul>\n<li>Om SII fortsatt gir operative eller compliance-messige fordeler utover VERI*FACTU<\/li>\n<li>Konsekvensene av \u00e5 forlate SII for mva-rapportering og systemintegrasjoner<\/li>\n<li>Hvordan fremtidige milep\u00e6ler for VERI*FACTU kan p\u00e5virke deres langsiktige compliance-strategi<\/li>\n<\/ul>\n<p>Denne oppdateringen viser hvor tett sammenkoblet Spanias digitale mva-initiativer har blitt, og hvordan endringer i ett program kan f\u00e5 direkte konsekvenser for et annet. En grundig vurdering er derfor avgj\u00f8rende n\u00e5r man navigerer i disse overlappende forpliktelsene.<\/p>\n","protected":false},"excerpt":{"rendered":"<p>Spania har innf\u00f8rt et ekstraordin\u00e6rt tiltak som gir selskaper mulighet til \u00e5 trekke seg fra frivillig deltakelse i SII etter&#8230;<\/p>\n","protected":false},"author":11,"featured_media":59672,"comment_status":"closed","ping_status":"closed","sticky":false,"template":"","format":"standard","meta":{"_acf_changed":false,"content-type":"","inline_featured_image":false,"footnotes":""},"categories":[438],"tags":[],"class_list":["post-59671","post","type-post","status-publish","format-standard","has-post-thumbnail","hentry","category-liveblog","country-spania"],"acf":[],"yoast_head":"<!-- This site is optimized with the Yoast SEO Premium plugin v27.3 (Yoast SEO v27.3) - https:\/\/yoast.com\/product\/yoast-seo-premium-wordpress\/ -->\n<title>Spania gir ekstra frist for \u00e5 trekke seg fra SII - Dynatos<\/title>\n<meta name=\"description\" content=\"Spania \u00e5pner for midlertidig uttreden fra frivillig SII etter VERIFACTU-utsettelsen. Se hvem som omfattes og hvilke frister som gjelder.\" \/>\n<meta name=\"robots\" content=\"index, follow, max-snippet:-1, max-image-preview:large, max-video-preview:-1\" \/>\n<link rel=\"canonical\" href=\"https:\/\/www.dynatos.com\/no\/blog\/spain-sii-renunciation-window-verifactu-delay\/\" \/>\n<meta property=\"og:locale\" content=\"nb_NO\" \/>\n<meta property=\"og:type\" content=\"article\" \/>\n<meta property=\"og:title\" content=\"Spania gir utvidet frist for \u00e5 trekke seg fra SII etter VERIFACTU-utsettelsen\" \/>\n<meta property=\"og:description\" content=\"Spania \u00e5pner for midlertidig uttreden fra frivillig SII etter VERIFACTU-utsettelsen. Se hvem som omfattes og hvilke frister som gjelder.\" \/>\n<meta property=\"og:url\" content=\"https:\/\/www.dynatos.com\/no\/blog\/spain-sii-renunciation-window-verifactu-delay\/\" \/>\n<meta property=\"og:site_name\" content=\"Dynatos\" \/>\n<meta property=\"article:published_time\" content=\"2026-01-23T15:27:55+00:00\" \/>\n<meta property=\"article:modified_time\" content=\"2026-02-19T15:32:15+00:00\" \/>\n<meta property=\"og:image\" content=\"https:\/\/www.dynatos.com\/wp-content\/uploads\/2024\/06\/Liveblog-Spain.jpg\" \/>\n\t<meta property=\"og:image:width\" content=\"1920\" \/>\n\t<meta property=\"og:image:height\" content=\"867\" \/>\n\t<meta property=\"og:image:type\" content=\"image\/jpeg\" \/>\n<meta name=\"author\" content=\"Axelle Dutre\" \/>\n<meta name=\"twitter:card\" content=\"summary_large_image\" \/>\n<script type=\"application\/ld+json\" class=\"yoast-schema-graph\">{\"@context\":\"https:\\\/\\\/schema.org\",\"@graph\":[{\"@type\":\"Article\",\"@id\":\"https:\\\/\\\/www.dynatos.com\\\/no\\\/blog\\\/spain-sii-renunciation-window-verifactu-delay\\\/#article\",\"isPartOf\":{\"@id\":\"https:\\\/\\\/www.dynatos.com\\\/no\\\/blog\\\/spain-sii-renunciation-window-verifactu-delay\\\/\"},\"author\":{\"name\":\"Axelle Dutre\",\"@id\":\"https:\\\/\\\/www.dynatos.com\\\/no\\\/#\\\/schema\\\/person\\\/73b56df5939259a518a6f4ce7f238f72\"},\"headline\":\"Spania gir utvidet frist for \u00e5 trekke seg fra SII etter VERIFACTU-utsettelsen\",\"datePublished\":\"2026-01-23T15:27:55+00:00\",\"dateModified\":\"2026-02-19T15:32:15+00:00\",\"mainEntityOfPage\":{\"@id\":\"https:\\\/\\\/www.dynatos.com\\\/no\\\/blog\\\/spain-sii-renunciation-window-verifactu-delay\\\/\"},\"wordCount\":535,\"image\":{\"@id\":\"https:\\\/\\\/www.dynatos.com\\\/no\\\/blog\\\/spain-sii-renunciation-window-verifactu-delay\\\/#primaryimage\"},\"thumbnailUrl\":\"https:\\\/\\\/www.dynatos.com\\\/wp-content\\\/uploads\\\/2024\\\/06\\\/Liveblog-Spain.jpg\",\"articleSection\":[\"Liveblogg\"],\"inLanguage\":\"nb-NO\"},{\"@type\":\"WebPage\",\"@id\":\"https:\\\/\\\/www.dynatos.com\\\/no\\\/blog\\\/spain-sii-renunciation-window-verifactu-delay\\\/\",\"url\":\"https:\\\/\\\/www.dynatos.com\\\/no\\\/blog\\\/spain-sii-renunciation-window-verifactu-delay\\\/\",\"name\":\"Spania gir ekstra frist for \u00e5 trekke seg fra SII - Dynatos\",\"isPartOf\":{\"@id\":\"https:\\\/\\\/www.dynatos.com\\\/no\\\/#website\"},\"primaryImageOfPage\":{\"@id\":\"https:\\\/\\\/www.dynatos.com\\\/no\\\/blog\\\/spain-sii-renunciation-window-verifactu-delay\\\/#primaryimage\"},\"image\":{\"@id\":\"https:\\\/\\\/www.dynatos.com\\\/no\\\/blog\\\/spain-sii-renunciation-window-verifactu-delay\\\/#primaryimage\"},\"thumbnailUrl\":\"https:\\\/\\\/www.dynatos.com\\\/wp-content\\\/uploads\\\/2024\\\/06\\\/Liveblog-Spain.jpg\",\"datePublished\":\"2026-01-23T15:27:55+00:00\",\"dateModified\":\"2026-02-19T15:32:15+00:00\",\"author\":{\"@id\":\"https:\\\/\\\/www.dynatos.com\\\/no\\\/#\\\/schema\\\/person\\\/73b56df5939259a518a6f4ce7f238f72\"},\"description\":\"Spania \u00e5pner for midlertidig uttreden fra frivillig SII etter VERIFACTU-utsettelsen. Se hvem som omfattes og hvilke frister som gjelder.\",\"inLanguage\":\"nb-NO\",\"potentialAction\":[{\"@type\":\"ReadAction\",\"target\":[\"https:\\\/\\\/www.dynatos.com\\\/no\\\/blog\\\/spain-sii-renunciation-window-verifactu-delay\\\/\"]}]},{\"@type\":\"ImageObject\",\"inLanguage\":\"nb-NO\",\"@id\":\"https:\\\/\\\/www.dynatos.com\\\/no\\\/blog\\\/spain-sii-renunciation-window-verifactu-delay\\\/#primaryimage\",\"url\":\"https:\\\/\\\/www.dynatos.com\\\/wp-content\\\/uploads\\\/2024\\\/06\\\/Liveblog-Spain.jpg\",\"contentUrl\":\"https:\\\/\\\/www.dynatos.com\\\/wp-content\\\/uploads\\\/2024\\\/06\\\/Liveblog-Spain.jpg\",\"width\":1920,\"height\":867},{\"@type\":\"WebSite\",\"@id\":\"https:\\\/\\\/www.dynatos.com\\\/no\\\/#website\",\"url\":\"https:\\\/\\\/www.dynatos.com\\\/no\\\/\",\"name\":\"Dynatos\",\"description\":\"Intelligent Finance Automation\",\"potentialAction\":[{\"@type\":\"SearchAction\",\"target\":{\"@type\":\"EntryPoint\",\"urlTemplate\":\"https:\\\/\\\/www.dynatos.com\\\/no\\\/?s={search_term_string}\"},\"query-input\":{\"@type\":\"PropertyValueSpecification\",\"valueRequired\":true,\"valueName\":\"search_term_string\"}}],\"inLanguage\":\"nb-NO\"},{\"@type\":\"Person\",\"@id\":\"https:\\\/\\\/www.dynatos.com\\\/no\\\/#\\\/schema\\\/person\\\/73b56df5939259a518a6f4ce7f238f72\",\"name\":\"Axelle Dutre\"}]}<\/script>\n<!-- \/ Yoast SEO Premium plugin. -->","yoast_head_json":{"title":"Spania gir ekstra frist for \u00e5 trekke seg fra SII - Dynatos","description":"Spania \u00e5pner for midlertidig uttreden fra frivillig SII etter VERIFACTU-utsettelsen. Se hvem som omfattes og hvilke frister som gjelder.","robots":{"index":"index","follow":"follow","max-snippet":"max-snippet:-1","max-image-preview":"max-image-preview:large","max-video-preview":"max-video-preview:-1"},"canonical":"https:\/\/www.dynatos.com\/no\/blog\/spain-sii-renunciation-window-verifactu-delay\/","og_locale":"nb_NO","og_type":"article","og_title":"Spania gir utvidet frist for \u00e5 trekke seg fra SII etter VERIFACTU-utsettelsen","og_description":"Spania \u00e5pner for midlertidig uttreden fra frivillig SII etter VERIFACTU-utsettelsen. Se hvem som omfattes og hvilke frister som gjelder.","og_url":"https:\/\/www.dynatos.com\/no\/blog\/spain-sii-renunciation-window-verifactu-delay\/","og_site_name":"Dynatos","article_published_time":"2026-01-23T15:27:55+00:00","article_modified_time":"2026-02-19T15:32:15+00:00","og_image":[{"width":1920,"height":867,"url":"https:\/\/www.dynatos.com\/wp-content\/uploads\/2024\/06\/Liveblog-Spain.jpg","type":"image\/jpeg"}],"author":"Axelle Dutre","twitter_card":"summary_large_image","schema":{"@context":"https:\/\/schema.org","@graph":[{"@type":"Article","@id":"https:\/\/www.dynatos.com\/no\/blog\/spain-sii-renunciation-window-verifactu-delay\/#article","isPartOf":{"@id":"https:\/\/www.dynatos.com\/no\/blog\/spain-sii-renunciation-window-verifactu-delay\/"},"author":{"name":"Axelle Dutre","@id":"https:\/\/www.dynatos.com\/no\/#\/schema\/person\/73b56df5939259a518a6f4ce7f238f72"},"headline":"Spania gir utvidet frist for \u00e5 trekke seg fra SII etter VERIFACTU-utsettelsen","datePublished":"2026-01-23T15:27:55+00:00","dateModified":"2026-02-19T15:32:15+00:00","mainEntityOfPage":{"@id":"https:\/\/www.dynatos.com\/no\/blog\/spain-sii-renunciation-window-verifactu-delay\/"},"wordCount":535,"image":{"@id":"https:\/\/www.dynatos.com\/no\/blog\/spain-sii-renunciation-window-verifactu-delay\/#primaryimage"},"thumbnailUrl":"https:\/\/www.dynatos.com\/wp-content\/uploads\/2024\/06\/Liveblog-Spain.jpg","articleSection":["Liveblogg"],"inLanguage":"nb-NO"},{"@type":"WebPage","@id":"https:\/\/www.dynatos.com\/no\/blog\/spain-sii-renunciation-window-verifactu-delay\/","url":"https:\/\/www.dynatos.com\/no\/blog\/spain-sii-renunciation-window-verifactu-delay\/","name":"Spania gir ekstra frist for \u00e5 trekke seg fra SII - Dynatos","isPartOf":{"@id":"https:\/\/www.dynatos.com\/no\/#website"},"primaryImageOfPage":{"@id":"https:\/\/www.dynatos.com\/no\/blog\/spain-sii-renunciation-window-verifactu-delay\/#primaryimage"},"image":{"@id":"https:\/\/www.dynatos.com\/no\/blog\/spain-sii-renunciation-window-verifactu-delay\/#primaryimage"},"thumbnailUrl":"https:\/\/www.dynatos.com\/wp-content\/uploads\/2024\/06\/Liveblog-Spain.jpg","datePublished":"2026-01-23T15:27:55+00:00","dateModified":"2026-02-19T15:32:15+00:00","author":{"@id":"https:\/\/www.dynatos.com\/no\/#\/schema\/person\/73b56df5939259a518a6f4ce7f238f72"},"description":"Spania \u00e5pner for midlertidig uttreden fra frivillig SII etter VERIFACTU-utsettelsen. Se hvem som omfattes og hvilke frister som gjelder.","inLanguage":"nb-NO","potentialAction":[{"@type":"ReadAction","target":["https:\/\/www.dynatos.com\/no\/blog\/spain-sii-renunciation-window-verifactu-delay\/"]}]},{"@type":"ImageObject","inLanguage":"nb-NO","@id":"https:\/\/www.dynatos.com\/no\/blog\/spain-sii-renunciation-window-verifactu-delay\/#primaryimage","url":"https:\/\/www.dynatos.com\/wp-content\/uploads\/2024\/06\/Liveblog-Spain.jpg","contentUrl":"https:\/\/www.dynatos.com\/wp-content\/uploads\/2024\/06\/Liveblog-Spain.jpg","width":1920,"height":867},{"@type":"WebSite","@id":"https:\/\/www.dynatos.com\/no\/#website","url":"https:\/\/www.dynatos.com\/no\/","name":"Dynatos","description":"Intelligent Finance Automation","potentialAction":[{"@type":"SearchAction","target":{"@type":"EntryPoint","urlTemplate":"https:\/\/www.dynatos.com\/no\/?s={search_term_string}"},"query-input":{"@type":"PropertyValueSpecification","valueRequired":true,"valueName":"search_term_string"}}],"inLanguage":"nb-NO"},{"@type":"Person","@id":"https:\/\/www.dynatos.com\/no\/#\/schema\/person\/73b56df5939259a518a6f4ce7f238f72","name":"Axelle Dutre"}]}},"_links":{"self":[{"href":"https:\/\/www.dynatos.com\/no\/wp-json\/wp\/v2\/posts\/59671","targetHints":{"allow":["GET"]}}],"collection":[{"href":"https:\/\/www.dynatos.com\/no\/wp-json\/wp\/v2\/posts"}],"about":[{"href":"https:\/\/www.dynatos.com\/no\/wp-json\/wp\/v2\/types\/post"}],"author":[{"embeddable":true,"href":"https:\/\/www.dynatos.com\/no\/wp-json\/wp\/v2\/users\/11"}],"replies":[{"embeddable":true,"href":"https:\/\/www.dynatos.com\/no\/wp-json\/wp\/v2\/comments?post=59671"}],"version-history":[{"count":0,"href":"https:\/\/www.dynatos.com\/no\/wp-json\/wp\/v2\/posts\/59671\/revisions"}],"wp:featuredmedia":[{"embeddable":true,"href":"https:\/\/www.dynatos.com\/no\/wp-json\/wp\/v2\/media\/59672"}],"wp:attachment":[{"href":"https:\/\/www.dynatos.com\/no\/wp-json\/wp\/v2\/media?parent=59671"}],"wp:term":[{"taxonomy":"category","embeddable":true,"href":"https:\/\/www.dynatos.com\/no\/wp-json\/wp\/v2\/categories?post=59671"},{"taxonomy":"post_tag","embeddable":true,"href":"https:\/\/www.dynatos.com\/no\/wp-json\/wp\/v2\/tags?post=59671"}],"curies":[{"name":"wp","href":"https:\/\/api.w.org\/{rel}","templated":true}]}}