{"id":54730,"date":"2025-07-16T11:46:13","date_gmt":"2025-07-16T09:46:13","guid":{"rendered":"https:\/\/www.dynatos.com\/belgium-b2b-e-invoicing-decree-2025\/"},"modified":"2025-07-16T11:53:04","modified_gmt":"2025-07-16T09:53:04","slug":"belgium-b2b-e-invoicing-decree-2025","status":"publish","type":"post","link":"https:\/\/www.dynatos.com\/es\/blog\/belgium-b2b-e-invoicing-decree-2025\/","title":{"rendered":"Decreto Real confirma facturaci\u00f3n electr\u00f3nica belga"},"content":{"rendered":"<p>Un Decreto Real publicado el 14 de julio de 2025 confirma el marco legal y t\u00e9cnico del sistema obligatorio de facturaci\u00f3n electr\u00f3nica B2B en B\u00e9lgica, con inicio el 1 de enero de 2026. El decreto cubre formatos, m\u00e9todos de transmisi\u00f3n, reglas de redondeo y sanciones.<\/p>\n<h2>Facturaci\u00f3n electr\u00f3nica estructurada obligatoria<\/h2>\n<p>A partir del 1 de enero de 2026, todas las facturas entre empresas registradas y establecidas en B\u00e9lgica deber\u00e1n estar en un formato electr\u00f3nico estructurado conforme a la norma EN 16931 de la UE, como Peppol BIS UBL.<\/p>\n<h2>Peppol como canal por defecto<\/h2>\n<p>Peppol ser\u00e1 el canal predeterminado para enviar y recibir facturas electr\u00f3nicas. Se pueden usar otros formatos compatibles si ambas partes lo acuerdan y si se mantiene la capacidad t\u00e9cnica de Peppol.<\/p>\n<h2>Preparaci\u00f3n t\u00e9cnica obligatoria<\/h2>\n<p>Todas las empresas deben tener capacidad t\u00e9cnica para emitir y recibir facturas v\u00eda Peppol, incluso si usan otro formato con socios. As\u00ed se garantiza el cumplimiento general.<\/p>\n<h2>Redondeo solo sobre el total<\/h2>\n<p>El IVA debe redondearse solo sobre el importe total. El redondeo por l\u00ednea ya no est\u00e1 permitido. Se deben adaptar los sistemas internos.<\/p>\n<h2>Sanciones por incumplimiento<\/h2>\n<p>El decreto establece sanciones por falta de capacidad t\u00e9cnica para Peppol:<\/p>\n<ul>\n<li>1.500 \u20ac por la primera infracci\u00f3n<\/li>\n<li>3.000 \u20ac por la segunda<\/li>\n<li>5.000 \u20ac por infracciones posteriores<\/li>\n<\/ul>\n<p>Las sanciones pueden repetirse con un m\u00ednimo de tres meses. Se mantienen otras sanciones fiscales.<\/p>\n<h2>\u00c1mbito y futuro<\/h2>\n<p>Aplica a todas las empresas belgas registradas con establecimiento fijo. Los sujetos pasivos no establecidos est\u00e1n excluidos por ahora, pero podr\u00edan incluirse en 2028 con el futuro sistema de reporte en tiempo real. Consulta qui\u00e9n debe cumplir <a href=\"https:\/\/www.dynatos.com\/es\/blog\/e-invoicing-in-belgium-who-needs-to-comply-and-who-doesnt\/\">en este art\u00edculo<\/a>.<\/p>\n<p>Este decreto tambi\u00e9n sienta las bases para las <a href=\"https:\/\/www.dynatos.com\/es\/blog\/belgium-plans-real-time-vat-reporting-by-2028\/\">obligaciones de reporte en tiempo real en B\u00e9lgica<\/a> a partir de 2028.<\/p>\n<p class=\"expertise-list\">Puntos clave<\/p>\n<ul>\n<li>Facturas B2B obligatorias en formato Peppol desde el 1 de enero de 2026<\/li>\n<li>Capacidad Peppol obligatoria, incluso con formatos alternativos<\/li>\n<li>El IVA se redondea solo sobre el total<\/li>\n<li>Multas de entre 1.500 \u20ac y 5.000 \u20ac<\/li>\n<li>Exclusi\u00f3n temporal para sujetos pasivos no establecidos<\/li>\n<li>Se espera reporte en tiempo real a partir de 2028<\/li>\n<\/ul>\n<p>Consulta nuestra gu\u00eda para <a href=\"https:\/\/www.dynatos.com\/es\/blog\/getting-ready-for-the-belgian-b2b-mandate\/\">prepararte para el mandato B2B belga<\/a>.<\/p>\n<h3>Recursos adicionales<\/h3>\n<p>El Decreto Real completo, publicado el 14 de julio de 2025, detalla las obligaciones legales. Desc\u00e1rgalo <a href=\"https:\/\/www.ejustice.just.fgov.be\/cgi\/article.pl?language=nl&amp;sum_date=2025-07-14&amp;lg_txt=n&amp;numac_search=2025004693\" target=\"_blank\" rel=\"noopener nofollow\">aqu\u00ed<\/a> (en flamenco).<\/p>\n","protected":false},"excerpt":{"rendered":"<p>Un Decreto Real publicado el 14 de julio de 2025 confirma el marco legal y t\u00e9cnico del sistema obligatorio de&#8230;<\/p>\n","protected":false},"author":6,"featured_media":39104,"comment_status":"closed","ping_status":"closed","sticky":false,"template":"","format":"standard","meta":{"_acf_changed":false,"content-type":"","inline_featured_image":false,"footnotes":""},"categories":[189],"tags":[],"class_list":["post-54730","post","type-post","status-publish","format-standard","has-post-thumbnail","hentry","category-liveblog-es","country-belgium-es"],"acf":[],"yoast_head":"<!-- This site is optimized with the Yoast SEO Premium plugin v27.3 (Yoast SEO v27.3) - https:\/\/yoast.com\/product\/yoast-seo-premium-wordpress\/ -->\n<title>B\u00e9lgica confirma reglas de e\u2011factura B2B en decreto \u2013 Dynatos<\/title>\n<meta name=\"description\" content=\"Desde enero de 2026, las empresas belgas deben usar Peppol. El decreto detalla normas, excepciones y sanciones por incumplimiento.\" \/>\n<meta name=\"robots\" content=\"index, follow, max-snippet:-1, max-image-preview:large, max-video-preview:-1\" \/>\n<link rel=\"canonical\" href=\"https:\/\/www.dynatos.com\/es\/blog\/belgium-b2b-e-invoicing-decree-2025\/\" \/>\n<meta property=\"og:locale\" content=\"es_ES\" \/>\n<meta property=\"og:type\" content=\"article\" \/>\n<meta property=\"og:title\" content=\"Decreto Real confirma facturaci\u00f3n electr\u00f3nica belga\" \/>\n<meta property=\"og:description\" content=\"Desde enero de 2026, las empresas belgas deben usar Peppol. El decreto detalla normas, excepciones y sanciones por incumplimiento.\" \/>\n<meta property=\"og:url\" content=\"https:\/\/www.dynatos.com\/es\/blog\/belgium-b2b-e-invoicing-decree-2025\/\" \/>\n<meta property=\"og:site_name\" content=\"Dynatos\" \/>\n<meta property=\"article:published_time\" content=\"2025-07-16T09:46:13+00:00\" \/>\n<meta property=\"article:modified_time\" content=\"2025-07-16T09:53:04+00:00\" \/>\n<meta property=\"og:image\" content=\"https:\/\/www.dynatos.com\/wp-content\/uploads\/2024\/07\/Liveblog-belgium.jpg\" \/>\n\t<meta property=\"og:image:width\" content=\"1920\" \/>\n\t<meta property=\"og:image:height\" content=\"1280\" \/>\n\t<meta property=\"og:image:type\" content=\"image\/jpeg\" \/>\n<meta name=\"author\" content=\"marleen\" \/>\n<meta name=\"twitter:card\" content=\"summary_large_image\" \/>\n<script type=\"application\/ld+json\" class=\"yoast-schema-graph\">{\"@context\":\"https:\\\/\\\/schema.org\",\"@graph\":[{\"@type\":\"Article\",\"@id\":\"https:\\\/\\\/www.dynatos.com\\\/es\\\/blog\\\/belgium-b2b-e-invoicing-decree-2025\\\/#article\",\"isPartOf\":{\"@id\":\"https:\\\/\\\/www.dynatos.com\\\/es\\\/blog\\\/belgium-b2b-e-invoicing-decree-2025\\\/\"},\"author\":{\"name\":\"marleen\",\"@id\":\"https:\\\/\\\/www.dynatos.com\\\/es\\\/#\\\/schema\\\/person\\\/674330fb5dcc0679e184a0cdfbfbee7e\"},\"headline\":\"Decreto Real confirma facturaci\u00f3n electr\u00f3nica belga\",\"datePublished\":\"2025-07-16T09:46:13+00:00\",\"dateModified\":\"2025-07-16T09:53:04+00:00\",\"mainEntityOfPage\":{\"@id\":\"https:\\\/\\\/www.dynatos.com\\\/es\\\/blog\\\/belgium-b2b-e-invoicing-decree-2025\\\/\"},\"wordCount\":392,\"image\":{\"@id\":\"https:\\\/\\\/www.dynatos.com\\\/es\\\/blog\\\/belgium-b2b-e-invoicing-decree-2025\\\/#primaryimage\"},\"thumbnailUrl\":\"https:\\\/\\\/www.dynatos.com\\\/wp-content\\\/uploads\\\/2024\\\/07\\\/Liveblog-belgium.jpg\",\"articleSection\":[\"Liveblog\"],\"inLanguage\":\"es\"},{\"@type\":\"WebPage\",\"@id\":\"https:\\\/\\\/www.dynatos.com\\\/es\\\/blog\\\/belgium-b2b-e-invoicing-decree-2025\\\/\",\"url\":\"https:\\\/\\\/www.dynatos.com\\\/es\\\/blog\\\/belgium-b2b-e-invoicing-decree-2025\\\/\",\"name\":\"B\u00e9lgica confirma reglas de e\u2011factura B2B en decreto \u2013 Dynatos\",\"isPartOf\":{\"@id\":\"https:\\\/\\\/www.dynatos.com\\\/es\\\/#website\"},\"primaryImageOfPage\":{\"@id\":\"https:\\\/\\\/www.dynatos.com\\\/es\\\/blog\\\/belgium-b2b-e-invoicing-decree-2025\\\/#primaryimage\"},\"image\":{\"@id\":\"https:\\\/\\\/www.dynatos.com\\\/es\\\/blog\\\/belgium-b2b-e-invoicing-decree-2025\\\/#primaryimage\"},\"thumbnailUrl\":\"https:\\\/\\\/www.dynatos.com\\\/wp-content\\\/uploads\\\/2024\\\/07\\\/Liveblog-belgium.jpg\",\"datePublished\":\"2025-07-16T09:46:13+00:00\",\"dateModified\":\"2025-07-16T09:53:04+00:00\",\"author\":{\"@id\":\"https:\\\/\\\/www.dynatos.com\\\/es\\\/#\\\/schema\\\/person\\\/674330fb5dcc0679e184a0cdfbfbee7e\"},\"description\":\"Desde enero de 2026, las empresas belgas deben usar Peppol. El decreto detalla normas, excepciones y sanciones por incumplimiento.\",\"inLanguage\":\"es\",\"potentialAction\":[{\"@type\":\"ReadAction\",\"target\":[\"https:\\\/\\\/www.dynatos.com\\\/es\\\/blog\\\/belgium-b2b-e-invoicing-decree-2025\\\/\"]}]},{\"@type\":\"ImageObject\",\"inLanguage\":\"es\",\"@id\":\"https:\\\/\\\/www.dynatos.com\\\/es\\\/blog\\\/belgium-b2b-e-invoicing-decree-2025\\\/#primaryimage\",\"url\":\"https:\\\/\\\/www.dynatos.com\\\/wp-content\\\/uploads\\\/2024\\\/07\\\/Liveblog-belgium.jpg\",\"contentUrl\":\"https:\\\/\\\/www.dynatos.com\\\/wp-content\\\/uploads\\\/2024\\\/07\\\/Liveblog-belgium.jpg\",\"width\":1920,\"height\":1280,\"caption\":\"Liveblog Belgium\"},{\"@type\":\"WebSite\",\"@id\":\"https:\\\/\\\/www.dynatos.com\\\/es\\\/#website\",\"url\":\"https:\\\/\\\/www.dynatos.com\\\/es\\\/\",\"name\":\"Dynatos\",\"description\":\"Intelligent Finance Automation\",\"potentialAction\":[{\"@type\":\"SearchAction\",\"target\":{\"@type\":\"EntryPoint\",\"urlTemplate\":\"https:\\\/\\\/www.dynatos.com\\\/es\\\/?s={search_term_string}\"},\"query-input\":{\"@type\":\"PropertyValueSpecification\",\"valueRequired\":true,\"valueName\":\"search_term_string\"}}],\"inLanguage\":\"es\"},{\"@type\":\"Person\",\"@id\":\"https:\\\/\\\/www.dynatos.com\\\/es\\\/#\\\/schema\\\/person\\\/674330fb5dcc0679e184a0cdfbfbee7e\",\"name\":\"marleen\"}]}<\/script>\n<!-- \/ Yoast SEO Premium plugin. -->","yoast_head_json":{"title":"B\u00e9lgica confirma reglas de e\u2011factura B2B en decreto \u2013 Dynatos","description":"Desde enero de 2026, las empresas belgas deben usar Peppol. El decreto detalla normas, excepciones y sanciones por incumplimiento.","robots":{"index":"index","follow":"follow","max-snippet":"max-snippet:-1","max-image-preview":"max-image-preview:large","max-video-preview":"max-video-preview:-1"},"canonical":"https:\/\/www.dynatos.com\/es\/blog\/belgium-b2b-e-invoicing-decree-2025\/","og_locale":"es_ES","og_type":"article","og_title":"Decreto Real confirma facturaci\u00f3n electr\u00f3nica belga","og_description":"Desde enero de 2026, las empresas belgas deben usar Peppol. El decreto detalla normas, excepciones y sanciones por incumplimiento.","og_url":"https:\/\/www.dynatos.com\/es\/blog\/belgium-b2b-e-invoicing-decree-2025\/","og_site_name":"Dynatos","article_published_time":"2025-07-16T09:46:13+00:00","article_modified_time":"2025-07-16T09:53:04+00:00","og_image":[{"width":1920,"height":1280,"url":"https:\/\/www.dynatos.com\/wp-content\/uploads\/2024\/07\/Liveblog-belgium.jpg","type":"image\/jpeg"}],"author":"marleen","twitter_card":"summary_large_image","schema":{"@context":"https:\/\/schema.org","@graph":[{"@type":"Article","@id":"https:\/\/www.dynatos.com\/es\/blog\/belgium-b2b-e-invoicing-decree-2025\/#article","isPartOf":{"@id":"https:\/\/www.dynatos.com\/es\/blog\/belgium-b2b-e-invoicing-decree-2025\/"},"author":{"name":"marleen","@id":"https:\/\/www.dynatos.com\/es\/#\/schema\/person\/674330fb5dcc0679e184a0cdfbfbee7e"},"headline":"Decreto Real confirma facturaci\u00f3n electr\u00f3nica belga","datePublished":"2025-07-16T09:46:13+00:00","dateModified":"2025-07-16T09:53:04+00:00","mainEntityOfPage":{"@id":"https:\/\/www.dynatos.com\/es\/blog\/belgium-b2b-e-invoicing-decree-2025\/"},"wordCount":392,"image":{"@id":"https:\/\/www.dynatos.com\/es\/blog\/belgium-b2b-e-invoicing-decree-2025\/#primaryimage"},"thumbnailUrl":"https:\/\/www.dynatos.com\/wp-content\/uploads\/2024\/07\/Liveblog-belgium.jpg","articleSection":["Liveblog"],"inLanguage":"es"},{"@type":"WebPage","@id":"https:\/\/www.dynatos.com\/es\/blog\/belgium-b2b-e-invoicing-decree-2025\/","url":"https:\/\/www.dynatos.com\/es\/blog\/belgium-b2b-e-invoicing-decree-2025\/","name":"B\u00e9lgica confirma reglas de e\u2011factura B2B en decreto \u2013 Dynatos","isPartOf":{"@id":"https:\/\/www.dynatos.com\/es\/#website"},"primaryImageOfPage":{"@id":"https:\/\/www.dynatos.com\/es\/blog\/belgium-b2b-e-invoicing-decree-2025\/#primaryimage"},"image":{"@id":"https:\/\/www.dynatos.com\/es\/blog\/belgium-b2b-e-invoicing-decree-2025\/#primaryimage"},"thumbnailUrl":"https:\/\/www.dynatos.com\/wp-content\/uploads\/2024\/07\/Liveblog-belgium.jpg","datePublished":"2025-07-16T09:46:13+00:00","dateModified":"2025-07-16T09:53:04+00:00","author":{"@id":"https:\/\/www.dynatos.com\/es\/#\/schema\/person\/674330fb5dcc0679e184a0cdfbfbee7e"},"description":"Desde enero de 2026, las empresas belgas deben usar Peppol. El decreto detalla normas, excepciones y sanciones por incumplimiento.","inLanguage":"es","potentialAction":[{"@type":"ReadAction","target":["https:\/\/www.dynatos.com\/es\/blog\/belgium-b2b-e-invoicing-decree-2025\/"]}]},{"@type":"ImageObject","inLanguage":"es","@id":"https:\/\/www.dynatos.com\/es\/blog\/belgium-b2b-e-invoicing-decree-2025\/#primaryimage","url":"https:\/\/www.dynatos.com\/wp-content\/uploads\/2024\/07\/Liveblog-belgium.jpg","contentUrl":"https:\/\/www.dynatos.com\/wp-content\/uploads\/2024\/07\/Liveblog-belgium.jpg","width":1920,"height":1280,"caption":"Liveblog Belgium"},{"@type":"WebSite","@id":"https:\/\/www.dynatos.com\/es\/#website","url":"https:\/\/www.dynatos.com\/es\/","name":"Dynatos","description":"Intelligent Finance Automation","potentialAction":[{"@type":"SearchAction","target":{"@type":"EntryPoint","urlTemplate":"https:\/\/www.dynatos.com\/es\/?s={search_term_string}"},"query-input":{"@type":"PropertyValueSpecification","valueRequired":true,"valueName":"search_term_string"}}],"inLanguage":"es"},{"@type":"Person","@id":"https:\/\/www.dynatos.com\/es\/#\/schema\/person\/674330fb5dcc0679e184a0cdfbfbee7e","name":"marleen"}]}},"_links":{"self":[{"href":"https:\/\/www.dynatos.com\/es\/wp-json\/wp\/v2\/posts\/54730","targetHints":{"allow":["GET"]}}],"collection":[{"href":"https:\/\/www.dynatos.com\/es\/wp-json\/wp\/v2\/posts"}],"about":[{"href":"https:\/\/www.dynatos.com\/es\/wp-json\/wp\/v2\/types\/post"}],"author":[{"embeddable":true,"href":"https:\/\/www.dynatos.com\/es\/wp-json\/wp\/v2\/users\/6"}],"replies":[{"embeddable":true,"href":"https:\/\/www.dynatos.com\/es\/wp-json\/wp\/v2\/comments?post=54730"}],"version-history":[{"count":0,"href":"https:\/\/www.dynatos.com\/es\/wp-json\/wp\/v2\/posts\/54730\/revisions"}],"wp:featuredmedia":[{"embeddable":true,"href":"https:\/\/www.dynatos.com\/es\/wp-json\/wp\/v2\/media\/39104"}],"wp:attachment":[{"href":"https:\/\/www.dynatos.com\/es\/wp-json\/wp\/v2\/media?parent=54730"}],"wp:term":[{"taxonomy":"category","embeddable":true,"href":"https:\/\/www.dynatos.com\/es\/wp-json\/wp\/v2\/categories?post=54730"},{"taxonomy":"post_tag","embeddable":true,"href":"https:\/\/www.dynatos.com\/es\/wp-json\/wp\/v2\/tags?post=54730"}],"curies":[{"name":"wp","href":"https:\/\/api.w.org\/{rel}","templated":true}]}}