{"id":52543,"date":"2025-05-06T12:44:05","date_gmt":"2025-05-06T10:44:05","guid":{"rendered":"https:\/\/www.dynatos.com\/eu-vat-committee-discusses-next-steps-for-vida-implementation\/"},"modified":"2025-05-15T18:49:36","modified_gmt":"2025-05-15T16:49:36","slug":"eu-vat-committee-discusses-next-steps-for-vida-implementation","status":"publish","type":"post","link":"https:\/\/www.dynatos.com\/es\/blog\/eu-vat-committee-discusses-next-steps-for-vida-implementation\/","title":{"rendered":"El comit\u00e9 del IVA de la UE define pr\u00f3ximos pasos de ViDA"},"content":{"rendered":"<p><strong>El 5 de mayo de 2025, la Comisi\u00f3n Europea public\u00f3 el acta de la 126.\u00aa reuni\u00f3n del Comit\u00e9 del IVA celebrada el 21 de marzo. Esta sesi\u00f3n especial se centr\u00f3 exclusivamente en la primera fase de implementaci\u00f3n del paquete sobre el IVA en la era digital (ViDA), adoptado oficialmente por el Consejo de la UE el 11 de marzo de 2025.<\/strong><\/p>\n<h2>En la agenda<\/h2>\n<p>La reuni\u00f3n abord\u00f3 dos \u00e1reas inmediatas afectadas por las nuevas normas: los cambios en las obligaciones de facturaci\u00f3n electr\u00f3nica y las actualizaciones en el marco de informes del sistema de ventanilla \u00fanica para importaciones (IOSS). Estos cambios se aplicar\u00e1n a partir del vig\u00e9simo d\u00eda tras la publicaci\u00f3n de la directiva ViDA en el Diario Oficial de la UE.<\/p>\n<h2>Facturaci\u00f3n electr\u00f3nica: aclarando el alcance<\/h2>\n<p>La Comisi\u00f3n present\u00f3 un documento sobre las enmiendas a los art\u00edculos 218 y 232 de la Directiva del IVA, explicando c\u00f3mo los Estados miembros pueden ahora imponer la facturaci\u00f3n electr\u00f3nica a determinadas operaciones y contribuyentes. Esta aclaraci\u00f3n temprana busca garantizar una interpretaci\u00f3n y aplicaci\u00f3n coherentes en toda la UE. Se est\u00e1n preparando directrices provisionales para apoyar esta implementaci\u00f3n.<\/p>\n<h2>M\u00e1s detalle en los informes IOSS<\/h2>\n<p>La reuni\u00f3n tambi\u00e9n trat\u00f3 las nuevas normas que exigen que los informes mensuales del IOSS desglosen los datos de importaci\u00f3n por Estado miembro de consumo. Esto pretende dar a las autoridades fiscales una visi\u00f3n m\u00e1s clara para auditor\u00edas. Aunque bien recibida en general, algunos Estados miembros plantearon cuestiones t\u00e9cnicas, especialmente sobre el uso del n\u00famero EORI para determinar el destino final cuando falta la direcci\u00f3n del consumidor. La Comisi\u00f3n aclar\u00f3 que la direcci\u00f3n del consumidor sigue siendo la referencia principal, y que el n\u00famero EORI solo se utilizar\u00e1 como respaldo.<\/p>\n<h2>Trabajo en curso<\/h2>\n<p>La Comisi\u00f3n tambi\u00e9n mencion\u00f3 brevemente los trabajos en curso para asegurar el n\u00famero IOSS contra el uso indebido. Se proporcionar\u00e1 una actualizaci\u00f3n m\u00e1s detallada en la reuni\u00f3n del Grupo sobre el Futuro del IVA del 28 de marzo de 2025.<\/p>\n<h2>Puntos clave<\/h2>\n<ul>\n<li>Los Estados miembros pueden imponer facturaci\u00f3n electr\u00f3nica seg\u00fan los art\u00edculos 218 y 232 actualizados.<\/li>\n<li>Se aclar\u00f3 a qui\u00e9n se puede aplicar y c\u00f3mo afecta a futuras normas de declaraci\u00f3n.<\/li>\n<li>Los informes mensuales del IOSS deben mostrar ahora un desglose por Estado miembro de consumo.<\/li>\n<li>Se plantearon dudas sobre el uso de n\u00fameros EORI cuando no se dispone de direcci\u00f3n del consumidor.<\/li>\n<li>Se prev\u00e9 una actualizaci\u00f3n sobre la seguridad del n\u00famero IOSS para finales de marzo.<\/li>\n<\/ul>\n<h2>M\u00e1s informaci\u00f3n<\/h2>\n<p>Para los afectados por estos cambios, especialmente en el comercio electr\u00f3nico transfronterizo, el acta completa ofrece informaci\u00f3n esencial:<br \/><a href=\"https:\/\/circabc.europa.eu\/ui\/group\/cb1eaff7-eedd-413d-ab88-94f761f9773b\/library\/481717a0-0284-4b08-9588-27f8bce6c060\/details\" target=\"_blank\" rel=\"noopener noreferrer nofollow\">Leer el acta de la 126.\u00aa reuni\u00f3n del Comit\u00e9 del IVA<\/a><\/p>\n","protected":false},"excerpt":{"rendered":"<p>El 5 de mayo de 2025, la Comisi\u00f3n Europea public\u00f3 el acta de la 126.\u00aa reuni\u00f3n del Comit\u00e9 del IVA&#8230;<\/p>\n","protected":false},"author":11,"featured_media":38625,"comment_status":"closed","ping_status":"closed","sticky":false,"template":"","format":"standard","meta":{"_acf_changed":false,"content-type":"","inline_featured_image":false,"footnotes":""},"categories":[189],"tags":[],"class_list":["post-52543","post","type-post","status-publish","format-standard","has-post-thumbnail","hentry","category-liveblog-es","country-european-regulations-es"],"acf":[],"yoast_head":"<!-- This site is optimized with the Yoast SEO Premium plugin v27.5 (Yoast SEO v27.5) - https:\/\/yoast.com\/product\/yoast-seo-premium-wordpress\/ -->\n<title>El comit\u00e9 del IVA de la UE define pr\u00f3ximos pasos de ViDA<\/title>\n<meta name=\"description\" content=\"El comit\u00e9 del IVA de la UE inicia ViDA con enfoque en facturaci\u00f3n electr\u00f3nica e informes IOSS por Estado miembro de consumo.\" \/>\n<meta name=\"robots\" content=\"index, follow, max-snippet:-1, max-image-preview:large, max-video-preview:-1\" \/>\n<link rel=\"canonical\" href=\"https:\/\/www.dynatos.com\/es\/blog\/eu-vat-committee-discusses-next-steps-for-vida-implementation\/\" \/>\n<meta property=\"og:locale\" content=\"es_ES\" \/>\n<meta property=\"og:type\" content=\"article\" \/>\n<meta property=\"og:title\" content=\"El comit\u00e9 del IVA de la UE define pr\u00f3ximos pasos de ViDA\" \/>\n<meta property=\"og:description\" content=\"El comit\u00e9 del IVA de la UE inicia ViDA con enfoque en facturaci\u00f3n electr\u00f3nica e informes IOSS por Estado miembro de consumo.\" \/>\n<meta property=\"og:url\" content=\"https:\/\/www.dynatos.com\/es\/blog\/eu-vat-committee-discusses-next-steps-for-vida-implementation\/\" \/>\n<meta property=\"og:site_name\" content=\"Dynatos\" \/>\n<meta property=\"article:published_time\" content=\"2025-05-06T10:44:05+00:00\" \/>\n<meta property=\"article:modified_time\" content=\"2025-05-15T16:49:36+00:00\" \/>\n<meta property=\"og:image\" content=\"https:\/\/www.dynatos.com\/wp-content\/uploads\/2024\/06\/Liveblog-Europe.jpg\" \/>\n\t<meta property=\"og:image:width\" content=\"1920\" \/>\n\t<meta property=\"og:image:height\" content=\"1280\" \/>\n\t<meta property=\"og:image:type\" content=\"image\/jpeg\" \/>\n<meta name=\"author\" content=\"Axelle Dutre\" \/>\n<meta name=\"twitter:card\" content=\"summary_large_image\" \/>\n<script type=\"application\/ld+json\" class=\"yoast-schema-graph\">{\"@context\":\"https:\\\/\\\/schema.org\",\"@graph\":[{\"@type\":\"Article\",\"@id\":\"https:\\\/\\\/www.dynatos.com\\\/es\\\/blog\\\/eu-vat-committee-discusses-next-steps-for-vida-implementation\\\/#article\",\"isPartOf\":{\"@id\":\"https:\\\/\\\/www.dynatos.com\\\/es\\\/blog\\\/eu-vat-committee-discusses-next-steps-for-vida-implementation\\\/\"},\"author\":{\"name\":\"Axelle Dutre\",\"@id\":\"https:\\\/\\\/www.dynatos.com\\\/es\\\/#\\\/schema\\\/person\\\/73b56df5939259a518a6f4ce7f238f72\"},\"headline\":\"El comit\u00e9 del IVA de la UE define pr\u00f3ximos pasos de ViDA\",\"datePublished\":\"2025-05-06T10:44:05+00:00\",\"dateModified\":\"2025-05-15T16:49:36+00:00\",\"mainEntityOfPage\":{\"@id\":\"https:\\\/\\\/www.dynatos.com\\\/es\\\/blog\\\/eu-vat-committee-discusses-next-steps-for-vida-implementation\\\/\"},\"wordCount\":490,\"image\":{\"@id\":\"https:\\\/\\\/www.dynatos.com\\\/es\\\/blog\\\/eu-vat-committee-discusses-next-steps-for-vida-implementation\\\/#primaryimage\"},\"thumbnailUrl\":\"https:\\\/\\\/www.dynatos.com\\\/wp-content\\\/uploads\\\/2024\\\/06\\\/Liveblog-Europe.jpg\",\"articleSection\":[\"Liveblog\"],\"inLanguage\":\"es\"},{\"@type\":\"WebPage\",\"@id\":\"https:\\\/\\\/www.dynatos.com\\\/es\\\/blog\\\/eu-vat-committee-discusses-next-steps-for-vida-implementation\\\/\",\"url\":\"https:\\\/\\\/www.dynatos.com\\\/es\\\/blog\\\/eu-vat-committee-discusses-next-steps-for-vida-implementation\\\/\",\"name\":\"El comit\u00e9 del IVA de la UE define pr\u00f3ximos pasos de ViDA\",\"isPartOf\":{\"@id\":\"https:\\\/\\\/www.dynatos.com\\\/es\\\/#website\"},\"primaryImageOfPage\":{\"@id\":\"https:\\\/\\\/www.dynatos.com\\\/es\\\/blog\\\/eu-vat-committee-discusses-next-steps-for-vida-implementation\\\/#primaryimage\"},\"image\":{\"@id\":\"https:\\\/\\\/www.dynatos.com\\\/es\\\/blog\\\/eu-vat-committee-discusses-next-steps-for-vida-implementation\\\/#primaryimage\"},\"thumbnailUrl\":\"https:\\\/\\\/www.dynatos.com\\\/wp-content\\\/uploads\\\/2024\\\/06\\\/Liveblog-Europe.jpg\",\"datePublished\":\"2025-05-06T10:44:05+00:00\",\"dateModified\":\"2025-05-15T16:49:36+00:00\",\"author\":{\"@id\":\"https:\\\/\\\/www.dynatos.com\\\/es\\\/#\\\/schema\\\/person\\\/73b56df5939259a518a6f4ce7f238f72\"},\"description\":\"El comit\u00e9 del IVA de la UE inicia ViDA con enfoque en facturaci\u00f3n electr\u00f3nica e informes IOSS por Estado miembro de consumo.\",\"inLanguage\":\"es\",\"potentialAction\":[{\"@type\":\"ReadAction\",\"target\":[\"https:\\\/\\\/www.dynatos.com\\\/es\\\/blog\\\/eu-vat-committee-discusses-next-steps-for-vida-implementation\\\/\"]}]},{\"@type\":\"ImageObject\",\"inLanguage\":\"es\",\"@id\":\"https:\\\/\\\/www.dynatos.com\\\/es\\\/blog\\\/eu-vat-committee-discusses-next-steps-for-vida-implementation\\\/#primaryimage\",\"url\":\"https:\\\/\\\/www.dynatos.com\\\/wp-content\\\/uploads\\\/2024\\\/06\\\/Liveblog-Europe.jpg\",\"contentUrl\":\"https:\\\/\\\/www.dynatos.com\\\/wp-content\\\/uploads\\\/2024\\\/06\\\/Liveblog-Europe.jpg\",\"width\":1920,\"height\":1280},{\"@type\":\"WebSite\",\"@id\":\"https:\\\/\\\/www.dynatos.com\\\/es\\\/#website\",\"url\":\"https:\\\/\\\/www.dynatos.com\\\/es\\\/\",\"name\":\"Dynatos\",\"description\":\"Intelligent Finance Automation\",\"potentialAction\":[{\"@type\":\"SearchAction\",\"target\":{\"@type\":\"EntryPoint\",\"urlTemplate\":\"https:\\\/\\\/www.dynatos.com\\\/es\\\/?s={search_term_string}\"},\"query-input\":{\"@type\":\"PropertyValueSpecification\",\"valueRequired\":true,\"valueName\":\"search_term_string\"}}],\"inLanguage\":\"es\"},{\"@type\":\"Person\",\"@id\":\"https:\\\/\\\/www.dynatos.com\\\/es\\\/#\\\/schema\\\/person\\\/73b56df5939259a518a6f4ce7f238f72\",\"name\":\"Axelle Dutre\"}]}<\/script>\n<!-- \/ Yoast SEO Premium plugin. -->","yoast_head_json":{"title":"El comit\u00e9 del IVA de la UE define pr\u00f3ximos pasos de ViDA","description":"El comit\u00e9 del IVA de la UE inicia ViDA con enfoque en facturaci\u00f3n electr\u00f3nica e informes IOSS por Estado miembro de consumo.","robots":{"index":"index","follow":"follow","max-snippet":"max-snippet:-1","max-image-preview":"max-image-preview:large","max-video-preview":"max-video-preview:-1"},"canonical":"https:\/\/www.dynatos.com\/es\/blog\/eu-vat-committee-discusses-next-steps-for-vida-implementation\/","og_locale":"es_ES","og_type":"article","og_title":"El comit\u00e9 del IVA de la UE define pr\u00f3ximos pasos de ViDA","og_description":"El comit\u00e9 del IVA de la UE inicia ViDA con enfoque en facturaci\u00f3n electr\u00f3nica e informes IOSS por Estado miembro de consumo.","og_url":"https:\/\/www.dynatos.com\/es\/blog\/eu-vat-committee-discusses-next-steps-for-vida-implementation\/","og_site_name":"Dynatos","article_published_time":"2025-05-06T10:44:05+00:00","article_modified_time":"2025-05-15T16:49:36+00:00","og_image":[{"width":1920,"height":1280,"url":"https:\/\/www.dynatos.com\/wp-content\/uploads\/2024\/06\/Liveblog-Europe.jpg","type":"image\/jpeg"}],"author":"Axelle Dutre","twitter_card":"summary_large_image","schema":{"@context":"https:\/\/schema.org","@graph":[{"@type":"Article","@id":"https:\/\/www.dynatos.com\/es\/blog\/eu-vat-committee-discusses-next-steps-for-vida-implementation\/#article","isPartOf":{"@id":"https:\/\/www.dynatos.com\/es\/blog\/eu-vat-committee-discusses-next-steps-for-vida-implementation\/"},"author":{"name":"Axelle Dutre","@id":"https:\/\/www.dynatos.com\/es\/#\/schema\/person\/73b56df5939259a518a6f4ce7f238f72"},"headline":"El comit\u00e9 del IVA de la UE define pr\u00f3ximos pasos de ViDA","datePublished":"2025-05-06T10:44:05+00:00","dateModified":"2025-05-15T16:49:36+00:00","mainEntityOfPage":{"@id":"https:\/\/www.dynatos.com\/es\/blog\/eu-vat-committee-discusses-next-steps-for-vida-implementation\/"},"wordCount":490,"image":{"@id":"https:\/\/www.dynatos.com\/es\/blog\/eu-vat-committee-discusses-next-steps-for-vida-implementation\/#primaryimage"},"thumbnailUrl":"https:\/\/www.dynatos.com\/wp-content\/uploads\/2024\/06\/Liveblog-Europe.jpg","articleSection":["Liveblog"],"inLanguage":"es"},{"@type":"WebPage","@id":"https:\/\/www.dynatos.com\/es\/blog\/eu-vat-committee-discusses-next-steps-for-vida-implementation\/","url":"https:\/\/www.dynatos.com\/es\/blog\/eu-vat-committee-discusses-next-steps-for-vida-implementation\/","name":"El comit\u00e9 del IVA de la UE define pr\u00f3ximos pasos de ViDA","isPartOf":{"@id":"https:\/\/www.dynatos.com\/es\/#website"},"primaryImageOfPage":{"@id":"https:\/\/www.dynatos.com\/es\/blog\/eu-vat-committee-discusses-next-steps-for-vida-implementation\/#primaryimage"},"image":{"@id":"https:\/\/www.dynatos.com\/es\/blog\/eu-vat-committee-discusses-next-steps-for-vida-implementation\/#primaryimage"},"thumbnailUrl":"https:\/\/www.dynatos.com\/wp-content\/uploads\/2024\/06\/Liveblog-Europe.jpg","datePublished":"2025-05-06T10:44:05+00:00","dateModified":"2025-05-15T16:49:36+00:00","author":{"@id":"https:\/\/www.dynatos.com\/es\/#\/schema\/person\/73b56df5939259a518a6f4ce7f238f72"},"description":"El comit\u00e9 del IVA de la UE inicia ViDA con enfoque en facturaci\u00f3n electr\u00f3nica e informes IOSS por Estado miembro de consumo.","inLanguage":"es","potentialAction":[{"@type":"ReadAction","target":["https:\/\/www.dynatos.com\/es\/blog\/eu-vat-committee-discusses-next-steps-for-vida-implementation\/"]}]},{"@type":"ImageObject","inLanguage":"es","@id":"https:\/\/www.dynatos.com\/es\/blog\/eu-vat-committee-discusses-next-steps-for-vida-implementation\/#primaryimage","url":"https:\/\/www.dynatos.com\/wp-content\/uploads\/2024\/06\/Liveblog-Europe.jpg","contentUrl":"https:\/\/www.dynatos.com\/wp-content\/uploads\/2024\/06\/Liveblog-Europe.jpg","width":1920,"height":1280},{"@type":"WebSite","@id":"https:\/\/www.dynatos.com\/es\/#website","url":"https:\/\/www.dynatos.com\/es\/","name":"Dynatos","description":"Intelligent Finance Automation","potentialAction":[{"@type":"SearchAction","target":{"@type":"EntryPoint","urlTemplate":"https:\/\/www.dynatos.com\/es\/?s={search_term_string}"},"query-input":{"@type":"PropertyValueSpecification","valueRequired":true,"valueName":"search_term_string"}}],"inLanguage":"es"},{"@type":"Person","@id":"https:\/\/www.dynatos.com\/es\/#\/schema\/person\/73b56df5939259a518a6f4ce7f238f72","name":"Axelle Dutre"}]}},"_links":{"self":[{"href":"https:\/\/www.dynatos.com\/es\/wp-json\/wp\/v2\/posts\/52543","targetHints":{"allow":["GET"]}}],"collection":[{"href":"https:\/\/www.dynatos.com\/es\/wp-json\/wp\/v2\/posts"}],"about":[{"href":"https:\/\/www.dynatos.com\/es\/wp-json\/wp\/v2\/types\/post"}],"author":[{"embeddable":true,"href":"https:\/\/www.dynatos.com\/es\/wp-json\/wp\/v2\/users\/11"}],"replies":[{"embeddable":true,"href":"https:\/\/www.dynatos.com\/es\/wp-json\/wp\/v2\/comments?post=52543"}],"version-history":[{"count":0,"href":"https:\/\/www.dynatos.com\/es\/wp-json\/wp\/v2\/posts\/52543\/revisions"}],"wp:featuredmedia":[{"embeddable":true,"href":"https:\/\/www.dynatos.com\/es\/wp-json\/wp\/v2\/media\/38625"}],"wp:attachment":[{"href":"https:\/\/www.dynatos.com\/es\/wp-json\/wp\/v2\/media?parent=52543"}],"wp:term":[{"taxonomy":"category","embeddable":true,"href":"https:\/\/www.dynatos.com\/es\/wp-json\/wp\/v2\/categories?post=52543"},{"taxonomy":"post_tag","embeddable":true,"href":"https:\/\/www.dynatos.com\/es\/wp-json\/wp\/v2\/tags?post=52543"}],"curies":[{"name":"wp","href":"https:\/\/api.w.org\/{rel}","templated":true}]}}