{"id":51091,"date":"2025-04-14T12:02:02","date_gmt":"2025-04-14T10:02:02","guid":{"rendered":"https:\/\/www.dynatos.com\/french-parliament-confirms-original-e-invoicing-timeline\/"},"modified":"2025-04-18T12:06:42","modified_gmt":"2025-04-18T10:06:42","slug":"french-parliament-confirms-original-e-invoicing-timeline","status":"publish","type":"post","link":"https:\/\/www.dynatos.com\/es\/blog\/french-parliament-confirms-original-e-invoicing-timeline\/","title":{"rendered":"Francia confirma el plan original de facturaci\u00f3n electr\u00f3nica"},"content":{"rendered":"<p><strong>El 11 de abril de 2025, la Asamblea Nacional Francesa vot\u00f3 en contra de una enmienda propuesta para retrasar un a\u00f1o la implementaci\u00f3n del mandato de factura electr\u00f3nica. Esta decisi\u00f3n reafirma el calendario original:<\/strong><\/p>\n<ul>\n<li><strong>1 de septiembre de 2026:<\/strong> todas las empresas deben ser capaces de recibir facturas electr\u00f3nicas. Las grandes y medianas empresas tambi\u00e9n deben emitirlas.<\/li>\n<li><strong>1 de septiembre de 2027:<\/strong> las peque\u00f1as y microempresas deben comenzar a emitir facturas electr\u00f3nicas.<\/li>\n<\/ul>\n<h2>Impacto para las empresas<\/h2>\n<p>El mandato de factura electr\u00f3nica es un paso importante en la reforma fiscal digital de Francia, con el objetivo de mejorar la transparencia y reducir el fraude. Con el calendario confirmado, las empresas deben asegurarse de que sus sistemas est\u00e9n listos para los plazos establecidos.<\/p>\n<h2>Implementaci\u00f3n por fases<\/h2>\n<p>El despliegue se realizar\u00e1 en dos fases:<\/p>\n<ul>\n<li><strong>Fase 1:<\/strong> para el 1 de septiembre de 2026, todas las empresas deben poder recibir facturas electr\u00f3nicas. Las grandes y medianas empresas tambi\u00e9n deber\u00e1n emitirlas.<\/li>\n<li><strong>Fase 2:<\/strong> para el 1 de septiembre de 2027, las peque\u00f1as y microempresas deben empezar a emitir facturas electr\u00f3nicas.<\/li>\n<\/ul>\n<p>Este enfoque escalonado da m\u00e1s tiempo a las peque\u00f1as empresas para adaptarse, mientras que permite que las grandes lideren la transici\u00f3n.<\/p>\n<h2>\u00bfC\u00f3mo garantizar el cumplimiento?<\/h2>\n<p>Para mantenerse en regla, las empresas deben:<\/p>\n<ul>\n<li>Evaluar sus sistemas actuales de facturaci\u00f3n para verificar la compatibilidad con los est\u00e1ndares de factura electr\u00f3nica<\/li>\n<li>Identificar y resolver cualquier brecha de cumplimiento<\/li>\n<li>Elegir una plataforma o socio certificado en factura electr\u00f3nica<\/li>\n<li>Formar al personal y probar los nuevos procesos antes de los plazos<\/li>\n<\/ul>\n<h2>Evita problemas de \u00faltima hora<\/h2>\n<p>Aunque los plazos a\u00fan parezcan lejanos, actualizar los procesos de facturaci\u00f3n puede llevar tiempo. Prepararse con antelaci\u00f3n ayudar\u00e1 a evitar problemas de \u00faltima hora y garantizar una transici\u00f3n m\u00e1s fluida.<\/p>\n","protected":false},"excerpt":{"rendered":"<p>El 11 de abril de 2025, la Asamblea Nacional Francesa vot\u00f3 en contra de una enmienda propuesta para retrasar un&#8230;<\/p>\n","protected":false},"author":11,"featured_media":38627,"comment_status":"closed","ping_status":"closed","sticky":false,"template":"","format":"standard","meta":{"_acf_changed":false,"content-type":"","inline_featured_image":false,"footnotes":""},"categories":[189],"tags":[],"class_list":["post-51091","post","type-post","status-publish","format-standard","has-post-thumbnail","hentry","category-liveblog-es","country-france-es"],"acf":[],"yoast_head":"<!-- This site is optimized with the Yoast SEO Premium plugin v27.3 (Yoast SEO v27.3) - https:\/\/yoast.com\/product\/yoast-seo-premium-wordpress\/ -->\n<title>Francia confirma el plan original de facturaci\u00f3n electr\u00f3nica<\/title>\n<meta name=\"description\" content=\"Francia confirma el calendario original de la factura electr\u00f3nica: todas las empresas deben estar listas entre 2026 y 2027\" \/>\n<meta name=\"robots\" content=\"index, follow, max-snippet:-1, max-image-preview:large, max-video-preview:-1\" \/>\n<link rel=\"canonical\" href=\"https:\/\/www.dynatos.com\/es\/blog\/french-parliament-confirms-original-e-invoicing-timeline\/\" \/>\n<meta property=\"og:locale\" content=\"es_ES\" \/>\n<meta property=\"og:type\" content=\"article\" \/>\n<meta property=\"og:title\" content=\"Francia confirma el plan original de facturaci\u00f3n electr\u00f3nica\" \/>\n<meta property=\"og:description\" content=\"Francia confirma el calendario original de la factura electr\u00f3nica: todas las empresas deben estar listas entre 2026 y 2027\" \/>\n<meta property=\"og:url\" content=\"https:\/\/www.dynatos.com\/es\/blog\/french-parliament-confirms-original-e-invoicing-timeline\/\" \/>\n<meta property=\"og:site_name\" content=\"Dynatos\" \/>\n<meta property=\"article:published_time\" content=\"2025-04-14T10:02:02+00:00\" \/>\n<meta property=\"article:modified_time\" content=\"2025-04-18T10:06:42+00:00\" \/>\n<meta property=\"og:image\" content=\"https:\/\/www.dynatos.com\/wp-content\/uploads\/2024\/06\/Liveblog-France.jpg\" \/>\n\t<meta property=\"og:image:width\" content=\"1920\" \/>\n\t<meta property=\"og:image:height\" content=\"998\" \/>\n\t<meta property=\"og:image:type\" content=\"image\/jpeg\" \/>\n<meta name=\"author\" content=\"Axelle Dutre\" \/>\n<meta name=\"twitter:card\" content=\"summary_large_image\" \/>\n<script type=\"application\/ld+json\" class=\"yoast-schema-graph\">{\"@context\":\"https:\\\/\\\/schema.org\",\"@graph\":[{\"@type\":\"Article\",\"@id\":\"https:\\\/\\\/www.dynatos.com\\\/es\\\/blog\\\/french-parliament-confirms-original-e-invoicing-timeline\\\/#article\",\"isPartOf\":{\"@id\":\"https:\\\/\\\/www.dynatos.com\\\/es\\\/blog\\\/french-parliament-confirms-original-e-invoicing-timeline\\\/\"},\"author\":{\"name\":\"Axelle Dutre\",\"@id\":\"https:\\\/\\\/www.dynatos.com\\\/es\\\/#\\\/schema\\\/person\\\/73b56df5939259a518a6f4ce7f238f72\"},\"headline\":\"Francia confirma el plan original de facturaci\u00f3n electr\u00f3nica\",\"datePublished\":\"2025-04-14T10:02:02+00:00\",\"dateModified\":\"2025-04-18T10:06:42+00:00\",\"mainEntityOfPage\":{\"@id\":\"https:\\\/\\\/www.dynatos.com\\\/es\\\/blog\\\/french-parliament-confirms-original-e-invoicing-timeline\\\/\"},\"wordCount\":313,\"image\":{\"@id\":\"https:\\\/\\\/www.dynatos.com\\\/es\\\/blog\\\/french-parliament-confirms-original-e-invoicing-timeline\\\/#primaryimage\"},\"thumbnailUrl\":\"https:\\\/\\\/www.dynatos.com\\\/wp-content\\\/uploads\\\/2024\\\/06\\\/Liveblog-France.jpg\",\"articleSection\":[\"Liveblog\"],\"inLanguage\":\"es\"},{\"@type\":\"WebPage\",\"@id\":\"https:\\\/\\\/www.dynatos.com\\\/es\\\/blog\\\/french-parliament-confirms-original-e-invoicing-timeline\\\/\",\"url\":\"https:\\\/\\\/www.dynatos.com\\\/es\\\/blog\\\/french-parliament-confirms-original-e-invoicing-timeline\\\/\",\"name\":\"Francia confirma el plan original de facturaci\u00f3n electr\u00f3nica\",\"isPartOf\":{\"@id\":\"https:\\\/\\\/www.dynatos.com\\\/es\\\/#website\"},\"primaryImageOfPage\":{\"@id\":\"https:\\\/\\\/www.dynatos.com\\\/es\\\/blog\\\/french-parliament-confirms-original-e-invoicing-timeline\\\/#primaryimage\"},\"image\":{\"@id\":\"https:\\\/\\\/www.dynatos.com\\\/es\\\/blog\\\/french-parliament-confirms-original-e-invoicing-timeline\\\/#primaryimage\"},\"thumbnailUrl\":\"https:\\\/\\\/www.dynatos.com\\\/wp-content\\\/uploads\\\/2024\\\/06\\\/Liveblog-France.jpg\",\"datePublished\":\"2025-04-14T10:02:02+00:00\",\"dateModified\":\"2025-04-18T10:06:42+00:00\",\"author\":{\"@id\":\"https:\\\/\\\/www.dynatos.com\\\/es\\\/#\\\/schema\\\/person\\\/73b56df5939259a518a6f4ce7f238f72\"},\"description\":\"Francia confirma el calendario original de la factura electr\u00f3nica: todas las empresas deben estar listas entre 2026 y 2027\",\"inLanguage\":\"es\",\"potentialAction\":[{\"@type\":\"ReadAction\",\"target\":[\"https:\\\/\\\/www.dynatos.com\\\/es\\\/blog\\\/french-parliament-confirms-original-e-invoicing-timeline\\\/\"]}]},{\"@type\":\"ImageObject\",\"inLanguage\":\"es\",\"@id\":\"https:\\\/\\\/www.dynatos.com\\\/es\\\/blog\\\/french-parliament-confirms-original-e-invoicing-timeline\\\/#primaryimage\",\"url\":\"https:\\\/\\\/www.dynatos.com\\\/wp-content\\\/uploads\\\/2024\\\/06\\\/Liveblog-France.jpg\",\"contentUrl\":\"https:\\\/\\\/www.dynatos.com\\\/wp-content\\\/uploads\\\/2024\\\/06\\\/Liveblog-France.jpg\",\"width\":1920,\"height\":998},{\"@type\":\"WebSite\",\"@id\":\"https:\\\/\\\/www.dynatos.com\\\/es\\\/#website\",\"url\":\"https:\\\/\\\/www.dynatos.com\\\/es\\\/\",\"name\":\"Dynatos\",\"description\":\"Intelligent Finance Automation\",\"potentialAction\":[{\"@type\":\"SearchAction\",\"target\":{\"@type\":\"EntryPoint\",\"urlTemplate\":\"https:\\\/\\\/www.dynatos.com\\\/es\\\/?s={search_term_string}\"},\"query-input\":{\"@type\":\"PropertyValueSpecification\",\"valueRequired\":true,\"valueName\":\"search_term_string\"}}],\"inLanguage\":\"es\"},{\"@type\":\"Person\",\"@id\":\"https:\\\/\\\/www.dynatos.com\\\/es\\\/#\\\/schema\\\/person\\\/73b56df5939259a518a6f4ce7f238f72\",\"name\":\"Axelle Dutre\"}]}<\/script>\n<!-- \/ Yoast SEO Premium plugin. -->","yoast_head_json":{"title":"Francia confirma el plan original de facturaci\u00f3n electr\u00f3nica","description":"Francia confirma el calendario original de la factura electr\u00f3nica: todas las empresas deben estar listas entre 2026 y 2027","robots":{"index":"index","follow":"follow","max-snippet":"max-snippet:-1","max-image-preview":"max-image-preview:large","max-video-preview":"max-video-preview:-1"},"canonical":"https:\/\/www.dynatos.com\/es\/blog\/french-parliament-confirms-original-e-invoicing-timeline\/","og_locale":"es_ES","og_type":"article","og_title":"Francia confirma el plan original de facturaci\u00f3n electr\u00f3nica","og_description":"Francia confirma el calendario original de la factura electr\u00f3nica: todas las empresas deben estar listas entre 2026 y 2027","og_url":"https:\/\/www.dynatos.com\/es\/blog\/french-parliament-confirms-original-e-invoicing-timeline\/","og_site_name":"Dynatos","article_published_time":"2025-04-14T10:02:02+00:00","article_modified_time":"2025-04-18T10:06:42+00:00","og_image":[{"width":1920,"height":998,"url":"https:\/\/www.dynatos.com\/wp-content\/uploads\/2024\/06\/Liveblog-France.jpg","type":"image\/jpeg"}],"author":"Axelle Dutre","twitter_card":"summary_large_image","schema":{"@context":"https:\/\/schema.org","@graph":[{"@type":"Article","@id":"https:\/\/www.dynatos.com\/es\/blog\/french-parliament-confirms-original-e-invoicing-timeline\/#article","isPartOf":{"@id":"https:\/\/www.dynatos.com\/es\/blog\/french-parliament-confirms-original-e-invoicing-timeline\/"},"author":{"name":"Axelle Dutre","@id":"https:\/\/www.dynatos.com\/es\/#\/schema\/person\/73b56df5939259a518a6f4ce7f238f72"},"headline":"Francia confirma el plan original de facturaci\u00f3n electr\u00f3nica","datePublished":"2025-04-14T10:02:02+00:00","dateModified":"2025-04-18T10:06:42+00:00","mainEntityOfPage":{"@id":"https:\/\/www.dynatos.com\/es\/blog\/french-parliament-confirms-original-e-invoicing-timeline\/"},"wordCount":313,"image":{"@id":"https:\/\/www.dynatos.com\/es\/blog\/french-parliament-confirms-original-e-invoicing-timeline\/#primaryimage"},"thumbnailUrl":"https:\/\/www.dynatos.com\/wp-content\/uploads\/2024\/06\/Liveblog-France.jpg","articleSection":["Liveblog"],"inLanguage":"es"},{"@type":"WebPage","@id":"https:\/\/www.dynatos.com\/es\/blog\/french-parliament-confirms-original-e-invoicing-timeline\/","url":"https:\/\/www.dynatos.com\/es\/blog\/french-parliament-confirms-original-e-invoicing-timeline\/","name":"Francia confirma el plan original de facturaci\u00f3n electr\u00f3nica","isPartOf":{"@id":"https:\/\/www.dynatos.com\/es\/#website"},"primaryImageOfPage":{"@id":"https:\/\/www.dynatos.com\/es\/blog\/french-parliament-confirms-original-e-invoicing-timeline\/#primaryimage"},"image":{"@id":"https:\/\/www.dynatos.com\/es\/blog\/french-parliament-confirms-original-e-invoicing-timeline\/#primaryimage"},"thumbnailUrl":"https:\/\/www.dynatos.com\/wp-content\/uploads\/2024\/06\/Liveblog-France.jpg","datePublished":"2025-04-14T10:02:02+00:00","dateModified":"2025-04-18T10:06:42+00:00","author":{"@id":"https:\/\/www.dynatos.com\/es\/#\/schema\/person\/73b56df5939259a518a6f4ce7f238f72"},"description":"Francia confirma el calendario original de la factura electr\u00f3nica: todas las empresas deben estar listas entre 2026 y 2027","inLanguage":"es","potentialAction":[{"@type":"ReadAction","target":["https:\/\/www.dynatos.com\/es\/blog\/french-parliament-confirms-original-e-invoicing-timeline\/"]}]},{"@type":"ImageObject","inLanguage":"es","@id":"https:\/\/www.dynatos.com\/es\/blog\/french-parliament-confirms-original-e-invoicing-timeline\/#primaryimage","url":"https:\/\/www.dynatos.com\/wp-content\/uploads\/2024\/06\/Liveblog-France.jpg","contentUrl":"https:\/\/www.dynatos.com\/wp-content\/uploads\/2024\/06\/Liveblog-France.jpg","width":1920,"height":998},{"@type":"WebSite","@id":"https:\/\/www.dynatos.com\/es\/#website","url":"https:\/\/www.dynatos.com\/es\/","name":"Dynatos","description":"Intelligent Finance Automation","potentialAction":[{"@type":"SearchAction","target":{"@type":"EntryPoint","urlTemplate":"https:\/\/www.dynatos.com\/es\/?s={search_term_string}"},"query-input":{"@type":"PropertyValueSpecification","valueRequired":true,"valueName":"search_term_string"}}],"inLanguage":"es"},{"@type":"Person","@id":"https:\/\/www.dynatos.com\/es\/#\/schema\/person\/73b56df5939259a518a6f4ce7f238f72","name":"Axelle Dutre"}]}},"_links":{"self":[{"href":"https:\/\/www.dynatos.com\/es\/wp-json\/wp\/v2\/posts\/51091","targetHints":{"allow":["GET"]}}],"collection":[{"href":"https:\/\/www.dynatos.com\/es\/wp-json\/wp\/v2\/posts"}],"about":[{"href":"https:\/\/www.dynatos.com\/es\/wp-json\/wp\/v2\/types\/post"}],"author":[{"embeddable":true,"href":"https:\/\/www.dynatos.com\/es\/wp-json\/wp\/v2\/users\/11"}],"replies":[{"embeddable":true,"href":"https:\/\/www.dynatos.com\/es\/wp-json\/wp\/v2\/comments?post=51091"}],"version-history":[{"count":0,"href":"https:\/\/www.dynatos.com\/es\/wp-json\/wp\/v2\/posts\/51091\/revisions"}],"wp:featuredmedia":[{"embeddable":true,"href":"https:\/\/www.dynatos.com\/es\/wp-json\/wp\/v2\/media\/38627"}],"wp:attachment":[{"href":"https:\/\/www.dynatos.com\/es\/wp-json\/wp\/v2\/media?parent=51091"}],"wp:term":[{"taxonomy":"category","embeddable":true,"href":"https:\/\/www.dynatos.com\/es\/wp-json\/wp\/v2\/categories?post=51091"},{"taxonomy":"post_tag","embeddable":true,"href":"https:\/\/www.dynatos.com\/es\/wp-json\/wp\/v2\/tags?post=51091"}],"curies":[{"name":"wp","href":"https:\/\/api.w.org\/{rel}","templated":true}]}}