{"id":50824,"date":"2025-04-02T10:47:57","date_gmt":"2025-04-02T08:47:57","guid":{"rendered":"https:\/\/www.dynatos.com\/?p=50824"},"modified":"2025-05-07T14:07:30","modified_gmt":"2025-05-07T12:07:30","slug":"france-delays-full-rollout-of-e-invoicing-mandate","status":"publish","type":"post","link":"https:\/\/www.dynatos.com\/es\/blog\/france-delays-full-rollout-of-e-invoicing-mandate\/","title":{"rendered":"Francia aplaza la obligaci\u00f3n total de facturaci\u00f3n electr\u00f3nica"},"content":{"rendered":"<p><strong>El 24 de marzo, el Senado franc\u00e9s aprob\u00f3 un proyecto de enmienda que podr\u00eda aplazar la obligaci\u00f3n de facturaci\u00f3n electr\u00f3nica para todas las empresas. Si se aprueba, los plazos se retrasar\u00edan un a\u00f1o completo, afectando a empresas de todos los tama\u00f1os.<\/strong><\/p>\n<h2>No solo para pymes<\/h2>\n<p>Aunque al principio se pens\u00f3 que el aplazamiento solo aplicar\u00eda a pymes, la propuesta afecta a <strong>todas las empresas que realicen transacciones sujetas a IVA en Francia<\/strong>.<\/p>\n<p>Este es un nuevo cap\u00edtulo en la evoluci\u00f3n digital del sistema tributario franc\u00e9s. Para m\u00e1s contexto, lee nuestro art\u00edculo sobre la <a class=\"\" href=\"https:\/\/www.dynatos.com\/es\/blog\/mandatory-real-time-transaction-reporting-france\/\" target=\"_new\" rel=\"noopener\">notificaci\u00f3n en tiempo real obligatoria en Francia<\/a>.<\/p>\n<h2>\u00bfQu\u00e9 cambiar\u00eda?<\/h2>\n<p>Si se aprueba la propuesta en la votaci\u00f3n parlamentaria del <strong>24 de abril<\/strong>, el calendario se modificar\u00eda as\u00ed:<\/p>\n<ul>\n<li><strong>Recepci\u00f3n de facturas electr\u00f3nicas<\/strong>: Todas las empresas deber\u00e1n estar listas para recibir e-facturas a trav\u00e9s de un PDP certificado a partir de <strong>septiembre de 2027<\/strong> (en lugar de 2026).<\/li>\n<li><strong>Emisi\u00f3n de e-facturas<\/strong>:\n<ul>\n<li><strong>Grandes y medianas empresas<\/strong>: plazo hasta <strong>septiembre de 2027<\/strong> (antes 2026).<\/li>\n<li><strong>Pymes y microempresas<\/strong>: aplazado hasta <strong>septiembre de 2028<\/strong> (antes 2027).<\/li>\n<\/ul>\n<\/li>\n<\/ul>\n<p>Aunque da m\u00e1s tiempo para adaptarse, este aplazamiento no debe frenar el avance. Como explicamos en nuestro blog sobre <a class=\"\" href=\"https:\/\/www.dynatos.com\/es\/blog\/france-supports-businesses-with-mandatory-e-invoicing-rollout\/\" target=\"_new\" rel=\"noopener\">el apoyo de Francia a las empresas ante la e-factura obligatoria<\/a>, la preparaci\u00f3n es clave, especialmente sin una plataforma p\u00fablica gratuita.<\/p>\n<h2>Motivos pol\u00edticos y t\u00e9cnicos<\/h2>\n<p>Uno de los motivos detr\u00e1s de esta enmienda es el menor papel del portal p\u00fablico franc\u00e9s (PPF), que ya no ofrecer\u00e1 una plataforma gratuita. Las empresas deber\u00e1n recurrir a plataformas certificadas. Esto justificar\u00eda un mayor plazo de implementaci\u00f3n, seg\u00fan los legisladores.<\/p>\n<p>No obstante, la propuesta proviene de un partido minoritario y <strong>enfrenta dudas legales y constitucionales<\/strong>, por lo que su aprobaci\u00f3n no est\u00e1 asegurada.<\/p>\n<h2>\u00bfY ahora?<\/h2>\n<p>A\u00fan no hay nada definitivo. La pr\u00f3xima votaci\u00f3n el <strong>24 de abril<\/strong> determinar\u00e1 si el nuevo calendario se convierte en ley.<\/p>\n<p>Mientras tanto, las empresas deben seguir avanzando: revisar sus sistemas, coordinarse con los equipos de TI y elegir una soluci\u00f3n fiable de e-factura.<\/p>\n","protected":false},"excerpt":{"rendered":"<p>El 24 de marzo, el Senado franc\u00e9s aprob\u00f3 un proyecto de enmienda que podr\u00eda aplazar la obligaci\u00f3n de facturaci\u00f3n electr\u00f3nica&#8230;<\/p>\n","protected":false},"author":11,"featured_media":38627,"comment_status":"closed","ping_status":"closed","sticky":false,"template":"","format":"standard","meta":{"_acf_changed":false,"content-type":"","inline_featured_image":false,"footnotes":""},"categories":[189],"tags":[],"class_list":["post-50824","post","type-post","status-publish","format-standard","has-post-thumbnail","hentry","category-liveblog-es","country-france-es"],"acf":[],"yoast_head":"<!-- This site is optimized with the Yoast SEO Premium plugin v27.5 (Yoast SEO v27.5) - https:\/\/yoast.com\/product\/yoast-seo-premium-wordpress\/ -->\n<title>Francia aplaza la factura electr\u00f3nica obligatoria - Dynatos<\/title>\n<meta name=\"description\" content=\"Francia podr\u00eda aplazar la e-factura hasta 2027\u20132028. Descubre qu\u00e9 implica para tu empresa y c\u00f3mo estar preparado.htmlCopyEdit\" \/>\n<meta name=\"robots\" content=\"index, follow, max-snippet:-1, max-image-preview:large, max-video-preview:-1\" \/>\n<link rel=\"canonical\" href=\"https:\/\/www.dynatos.com\/es\/blog\/france-delays-full-rollout-of-e-invoicing-mandate\/\" \/>\n<meta property=\"og:locale\" content=\"es_ES\" \/>\n<meta property=\"og:type\" content=\"article\" \/>\n<meta property=\"og:title\" content=\"Francia aplaza la obligaci\u00f3n total de facturaci\u00f3n electr\u00f3nica\" \/>\n<meta property=\"og:description\" content=\"Francia podr\u00eda aplazar la e-factura hasta 2027\u20132028. Descubre qu\u00e9 implica para tu empresa y c\u00f3mo estar preparado.htmlCopyEdit\" \/>\n<meta property=\"og:url\" content=\"https:\/\/www.dynatos.com\/es\/blog\/france-delays-full-rollout-of-e-invoicing-mandate\/\" \/>\n<meta property=\"og:site_name\" content=\"Dynatos\" \/>\n<meta property=\"article:published_time\" content=\"2025-04-02T08:47:57+00:00\" \/>\n<meta property=\"article:modified_time\" content=\"2025-05-07T12:07:30+00:00\" \/>\n<meta property=\"og:image\" content=\"https:\/\/www.dynatos.com\/wp-content\/uploads\/2024\/06\/Liveblog-France.jpg\" \/>\n\t<meta property=\"og:image:width\" content=\"1920\" \/>\n\t<meta property=\"og:image:height\" content=\"998\" \/>\n\t<meta property=\"og:image:type\" content=\"image\/jpeg\" \/>\n<meta name=\"author\" content=\"Axelle Dutre\" \/>\n<meta name=\"twitter:card\" content=\"summary_large_image\" \/>\n<script type=\"application\/ld+json\" class=\"yoast-schema-graph\">{\"@context\":\"https:\\\/\\\/schema.org\",\"@graph\":[{\"@type\":\"Article\",\"@id\":\"https:\\\/\\\/www.dynatos.com\\\/es\\\/blog\\\/france-delays-full-rollout-of-e-invoicing-mandate\\\/#article\",\"isPartOf\":{\"@id\":\"https:\\\/\\\/www.dynatos.com\\\/es\\\/blog\\\/france-delays-full-rollout-of-e-invoicing-mandate\\\/\"},\"author\":{\"name\":\"Axelle Dutre\",\"@id\":\"https:\\\/\\\/www.dynatos.com\\\/es\\\/#\\\/schema\\\/person\\\/73b56df5939259a518a6f4ce7f238f72\"},\"headline\":\"Francia aplaza la obligaci\u00f3n total de facturaci\u00f3n electr\u00f3nica\",\"datePublished\":\"2025-04-02T08:47:57+00:00\",\"dateModified\":\"2025-05-07T12:07:30+00:00\",\"mainEntityOfPage\":{\"@id\":\"https:\\\/\\\/www.dynatos.com\\\/es\\\/blog\\\/france-delays-full-rollout-of-e-invoicing-mandate\\\/\"},\"wordCount\":369,\"image\":{\"@id\":\"https:\\\/\\\/www.dynatos.com\\\/es\\\/blog\\\/france-delays-full-rollout-of-e-invoicing-mandate\\\/#primaryimage\"},\"thumbnailUrl\":\"https:\\\/\\\/www.dynatos.com\\\/wp-content\\\/uploads\\\/2024\\\/06\\\/Liveblog-France.jpg\",\"articleSection\":[\"Liveblog\"],\"inLanguage\":\"es\"},{\"@type\":\"WebPage\",\"@id\":\"https:\\\/\\\/www.dynatos.com\\\/es\\\/blog\\\/france-delays-full-rollout-of-e-invoicing-mandate\\\/\",\"url\":\"https:\\\/\\\/www.dynatos.com\\\/es\\\/blog\\\/france-delays-full-rollout-of-e-invoicing-mandate\\\/\",\"name\":\"Francia aplaza la factura electr\u00f3nica obligatoria - Dynatos\",\"isPartOf\":{\"@id\":\"https:\\\/\\\/www.dynatos.com\\\/es\\\/#website\"},\"primaryImageOfPage\":{\"@id\":\"https:\\\/\\\/www.dynatos.com\\\/es\\\/blog\\\/france-delays-full-rollout-of-e-invoicing-mandate\\\/#primaryimage\"},\"image\":{\"@id\":\"https:\\\/\\\/www.dynatos.com\\\/es\\\/blog\\\/france-delays-full-rollout-of-e-invoicing-mandate\\\/#primaryimage\"},\"thumbnailUrl\":\"https:\\\/\\\/www.dynatos.com\\\/wp-content\\\/uploads\\\/2024\\\/06\\\/Liveblog-France.jpg\",\"datePublished\":\"2025-04-02T08:47:57+00:00\",\"dateModified\":\"2025-05-07T12:07:30+00:00\",\"author\":{\"@id\":\"https:\\\/\\\/www.dynatos.com\\\/es\\\/#\\\/schema\\\/person\\\/73b56df5939259a518a6f4ce7f238f72\"},\"description\":\"Francia podr\u00eda aplazar la e-factura hasta 2027\u20132028. Descubre qu\u00e9 implica para tu empresa y c\u00f3mo estar preparado.htmlCopyEdit\",\"inLanguage\":\"es\",\"potentialAction\":[{\"@type\":\"ReadAction\",\"target\":[\"https:\\\/\\\/www.dynatos.com\\\/es\\\/blog\\\/france-delays-full-rollout-of-e-invoicing-mandate\\\/\"]}]},{\"@type\":\"ImageObject\",\"inLanguage\":\"es\",\"@id\":\"https:\\\/\\\/www.dynatos.com\\\/es\\\/blog\\\/france-delays-full-rollout-of-e-invoicing-mandate\\\/#primaryimage\",\"url\":\"https:\\\/\\\/www.dynatos.com\\\/wp-content\\\/uploads\\\/2024\\\/06\\\/Liveblog-France.jpg\",\"contentUrl\":\"https:\\\/\\\/www.dynatos.com\\\/wp-content\\\/uploads\\\/2024\\\/06\\\/Liveblog-France.jpg\",\"width\":1920,\"height\":998},{\"@type\":\"WebSite\",\"@id\":\"https:\\\/\\\/www.dynatos.com\\\/es\\\/#website\",\"url\":\"https:\\\/\\\/www.dynatos.com\\\/es\\\/\",\"name\":\"Dynatos\",\"description\":\"Intelligent Finance Automation\",\"potentialAction\":[{\"@type\":\"SearchAction\",\"target\":{\"@type\":\"EntryPoint\",\"urlTemplate\":\"https:\\\/\\\/www.dynatos.com\\\/es\\\/?s={search_term_string}\"},\"query-input\":{\"@type\":\"PropertyValueSpecification\",\"valueRequired\":true,\"valueName\":\"search_term_string\"}}],\"inLanguage\":\"es\"},{\"@type\":\"Person\",\"@id\":\"https:\\\/\\\/www.dynatos.com\\\/es\\\/#\\\/schema\\\/person\\\/73b56df5939259a518a6f4ce7f238f72\",\"name\":\"Axelle Dutre\"}]}<\/script>\n<!-- \/ Yoast SEO Premium plugin. -->","yoast_head_json":{"title":"Francia aplaza la factura electr\u00f3nica obligatoria - Dynatos","description":"Francia podr\u00eda aplazar la e-factura hasta 2027\u20132028. Descubre qu\u00e9 implica para tu empresa y c\u00f3mo estar preparado.htmlCopyEdit","robots":{"index":"index","follow":"follow","max-snippet":"max-snippet:-1","max-image-preview":"max-image-preview:large","max-video-preview":"max-video-preview:-1"},"canonical":"https:\/\/www.dynatos.com\/es\/blog\/france-delays-full-rollout-of-e-invoicing-mandate\/","og_locale":"es_ES","og_type":"article","og_title":"Francia aplaza la obligaci\u00f3n total de facturaci\u00f3n electr\u00f3nica","og_description":"Francia podr\u00eda aplazar la e-factura hasta 2027\u20132028. Descubre qu\u00e9 implica para tu empresa y c\u00f3mo estar preparado.htmlCopyEdit","og_url":"https:\/\/www.dynatos.com\/es\/blog\/france-delays-full-rollout-of-e-invoicing-mandate\/","og_site_name":"Dynatos","article_published_time":"2025-04-02T08:47:57+00:00","article_modified_time":"2025-05-07T12:07:30+00:00","og_image":[{"width":1920,"height":998,"url":"https:\/\/www.dynatos.com\/wp-content\/uploads\/2024\/06\/Liveblog-France.jpg","type":"image\/jpeg"}],"author":"Axelle Dutre","twitter_card":"summary_large_image","schema":{"@context":"https:\/\/schema.org","@graph":[{"@type":"Article","@id":"https:\/\/www.dynatos.com\/es\/blog\/france-delays-full-rollout-of-e-invoicing-mandate\/#article","isPartOf":{"@id":"https:\/\/www.dynatos.com\/es\/blog\/france-delays-full-rollout-of-e-invoicing-mandate\/"},"author":{"name":"Axelle Dutre","@id":"https:\/\/www.dynatos.com\/es\/#\/schema\/person\/73b56df5939259a518a6f4ce7f238f72"},"headline":"Francia aplaza la obligaci\u00f3n total de facturaci\u00f3n electr\u00f3nica","datePublished":"2025-04-02T08:47:57+00:00","dateModified":"2025-05-07T12:07:30+00:00","mainEntityOfPage":{"@id":"https:\/\/www.dynatos.com\/es\/blog\/france-delays-full-rollout-of-e-invoicing-mandate\/"},"wordCount":369,"image":{"@id":"https:\/\/www.dynatos.com\/es\/blog\/france-delays-full-rollout-of-e-invoicing-mandate\/#primaryimage"},"thumbnailUrl":"https:\/\/www.dynatos.com\/wp-content\/uploads\/2024\/06\/Liveblog-France.jpg","articleSection":["Liveblog"],"inLanguage":"es"},{"@type":"WebPage","@id":"https:\/\/www.dynatos.com\/es\/blog\/france-delays-full-rollout-of-e-invoicing-mandate\/","url":"https:\/\/www.dynatos.com\/es\/blog\/france-delays-full-rollout-of-e-invoicing-mandate\/","name":"Francia aplaza la factura electr\u00f3nica obligatoria - Dynatos","isPartOf":{"@id":"https:\/\/www.dynatos.com\/es\/#website"},"primaryImageOfPage":{"@id":"https:\/\/www.dynatos.com\/es\/blog\/france-delays-full-rollout-of-e-invoicing-mandate\/#primaryimage"},"image":{"@id":"https:\/\/www.dynatos.com\/es\/blog\/france-delays-full-rollout-of-e-invoicing-mandate\/#primaryimage"},"thumbnailUrl":"https:\/\/www.dynatos.com\/wp-content\/uploads\/2024\/06\/Liveblog-France.jpg","datePublished":"2025-04-02T08:47:57+00:00","dateModified":"2025-05-07T12:07:30+00:00","author":{"@id":"https:\/\/www.dynatos.com\/es\/#\/schema\/person\/73b56df5939259a518a6f4ce7f238f72"},"description":"Francia podr\u00eda aplazar la e-factura hasta 2027\u20132028. Descubre qu\u00e9 implica para tu empresa y c\u00f3mo estar preparado.htmlCopyEdit","inLanguage":"es","potentialAction":[{"@type":"ReadAction","target":["https:\/\/www.dynatos.com\/es\/blog\/france-delays-full-rollout-of-e-invoicing-mandate\/"]}]},{"@type":"ImageObject","inLanguage":"es","@id":"https:\/\/www.dynatos.com\/es\/blog\/france-delays-full-rollout-of-e-invoicing-mandate\/#primaryimage","url":"https:\/\/www.dynatos.com\/wp-content\/uploads\/2024\/06\/Liveblog-France.jpg","contentUrl":"https:\/\/www.dynatos.com\/wp-content\/uploads\/2024\/06\/Liveblog-France.jpg","width":1920,"height":998},{"@type":"WebSite","@id":"https:\/\/www.dynatos.com\/es\/#website","url":"https:\/\/www.dynatos.com\/es\/","name":"Dynatos","description":"Intelligent Finance Automation","potentialAction":[{"@type":"SearchAction","target":{"@type":"EntryPoint","urlTemplate":"https:\/\/www.dynatos.com\/es\/?s={search_term_string}"},"query-input":{"@type":"PropertyValueSpecification","valueRequired":true,"valueName":"search_term_string"}}],"inLanguage":"es"},{"@type":"Person","@id":"https:\/\/www.dynatos.com\/es\/#\/schema\/person\/73b56df5939259a518a6f4ce7f238f72","name":"Axelle Dutre"}]}},"_links":{"self":[{"href":"https:\/\/www.dynatos.com\/es\/wp-json\/wp\/v2\/posts\/50824","targetHints":{"allow":["GET"]}}],"collection":[{"href":"https:\/\/www.dynatos.com\/es\/wp-json\/wp\/v2\/posts"}],"about":[{"href":"https:\/\/www.dynatos.com\/es\/wp-json\/wp\/v2\/types\/post"}],"author":[{"embeddable":true,"href":"https:\/\/www.dynatos.com\/es\/wp-json\/wp\/v2\/users\/11"}],"replies":[{"embeddable":true,"href":"https:\/\/www.dynatos.com\/es\/wp-json\/wp\/v2\/comments?post=50824"}],"version-history":[{"count":0,"href":"https:\/\/www.dynatos.com\/es\/wp-json\/wp\/v2\/posts\/50824\/revisions"}],"wp:featuredmedia":[{"embeddable":true,"href":"https:\/\/www.dynatos.com\/es\/wp-json\/wp\/v2\/media\/38627"}],"wp:attachment":[{"href":"https:\/\/www.dynatos.com\/es\/wp-json\/wp\/v2\/media?parent=50824"}],"wp:term":[{"taxonomy":"category","embeddable":true,"href":"https:\/\/www.dynatos.com\/es\/wp-json\/wp\/v2\/categories?post=50824"},{"taxonomy":"post_tag","embeddable":true,"href":"https:\/\/www.dynatos.com\/es\/wp-json\/wp\/v2\/tags?post=50824"}],"curies":[{"name":"wp","href":"https:\/\/api.w.org\/{rel}","templated":true}]}}