{"id":50697,"date":"2025-03-27T11:31:19","date_gmt":"2025-03-27T10:31:19","guid":{"rendered":"https:\/\/www.dynatos.com\/portugal-pushes-b2g-e-invoicing-deadline\/"},"modified":"2025-03-27T11:41:03","modified_gmt":"2025-03-27T10:41:03","slug":"portugal-pushes-b2g-e-invoicing-deadline","status":"publish","type":"post","link":"https:\/\/www.dynatos.com\/es\/blog\/portugal-pushes-b2g-e-invoicing-deadline\/","title":{"rendered":"Portugal aplaza el plazo de facturaci\u00f3n electr\u00f3nica B2G"},"content":{"rendered":"<p><strong>El 10 de marzo de 2025, el gobierno portugu\u00e9s public\u00f3 el Decreto-ley n.\u00ba 13-A\/2025. La ley aplaza el uso obligatorio de la facturaci\u00f3n electr\u00f3nica en las transacciones entre empresas y administraciones p\u00fablicas (B2G) para microempresas, peque\u00f1as y medianas empresas. La nueva fecha l\u00edmite se ha fijado para el 31 de diciembre de 2025, un a\u00f1o completo despu\u00e9s de la fecha original del 1 de enero de 2025.<\/strong><\/p>\n<p>El cambio ofrece a las empresas m\u00e1s peque\u00f1as m\u00e1s margen para prepararse para los pasos t\u00e9cnicos y administrativos necesarios para implementar procesos de facturaci\u00f3n electr\u00f3nica conformes. Hasta finales de 2025, estas empresas a\u00fan pueden utilizar los m\u00e9todos existentes al facturar a entidades p\u00fablicas.<\/p>\n<h2>Antecedentes del requisito de facturaci\u00f3n electr\u00f3nica<\/h2>\n<p>Portugal, al igual que muchos otros pa\u00edses de la UE, ha ido ampliando gradualmente el uso de la facturaci\u00f3n electr\u00f3nica en la contrataci\u00f3n p\u00fablica. Las grandes empresas ya estaban obligadas a cumplir, y esta pr\u00f3rroga ajusta ahora el calendario para las empresas m\u00e1s peque\u00f1as. La medida busca facilitar una adopci\u00f3n m\u00e1s fluida y reducir la presi\u00f3n del cumplimiento.<\/p>\n<h2>Publicaci\u00f3n oficial y acceso<\/h2>\n<p>El texto legal completo del Decreto-ley n.\u00ba 13-A\/2025 est\u00e1 disponible en el portal oficial del Di\u00e1rio da Rep\u00fablica. Puedes acceder al decreto <a class=\"\" href=\"https:\/\/diariodarepublica.pt\/dr\/detalhe\/decreto-lei\/13-a-2025-910323298\" target=\"_new\" rel=\"noopener noreferrer nofollow\" target=\"_blank\">aqu\u00ed<\/a>.<\/p>\n<h2>Pr\u00f3ximos pasos para microempresas, peque\u00f1as y medianas empresas<\/h2>\n<p>Si tu empresa pertenece a una de estas categor\u00edas, este es un buen momento para:<\/p>\n<ul>\n<li>Revisar tus sistemas actuales de facturaci\u00f3n<\/li>\n<li>Explorar soluciones de facturaci\u00f3n electr\u00f3nica adaptadas a tu tama\u00f1o y sector<\/li>\n<li>Establecer un calendario de implementaci\u00f3n realista antes de la nueva fecha l\u00edmite<\/li>\n<\/ul>\n","protected":false},"excerpt":{"rendered":"<p>El 10 de marzo de 2025, el gobierno portugu\u00e9s public\u00f3 el Decreto-ley n.\u00ba 13-A\/2025. La ley aplaza el uso obligatorio&#8230;<\/p>\n","protected":false},"author":11,"featured_media":50689,"comment_status":"closed","ping_status":"closed","sticky":false,"template":"","format":"standard","meta":{"_acf_changed":false,"content-type":"","inline_featured_image":false,"footnotes":""},"categories":[189],"tags":[],"class_list":["post-50697","post","type-post","status-publish","format-standard","has-post-thumbnail","hentry","category-liveblog-es","country-portugal-es"],"acf":[],"yoast_head":"<!-- This site is optimized with the Yoast SEO Premium plugin v27.5 (Yoast SEO v27.5) - https:\/\/yoast.com\/product\/yoast-seo-premium-wordpress\/ -->\n<title>Portugal aplaza el plazo de facturaci\u00f3n electr\u00f3nica B2G<\/title>\n<meta name=\"description\" content=\"Portugal extends the B2G e-invoicing deadline for SMEs to 31 December 2025, giving businesses more time to comply.\" \/>\n<meta name=\"robots\" content=\"index, follow, max-snippet:-1, max-image-preview:large, max-video-preview:-1\" \/>\n<link rel=\"canonical\" href=\"https:\/\/www.dynatos.com\/es\/blog\/portugal-pushes-b2g-e-invoicing-deadline\/\" \/>\n<meta property=\"og:locale\" content=\"es_ES\" \/>\n<meta property=\"og:type\" content=\"article\" \/>\n<meta property=\"og:title\" content=\"Portugal aplaza el plazo de facturaci\u00f3n electr\u00f3nica B2G\" \/>\n<meta property=\"og:description\" content=\"Portugal extends the B2G e-invoicing deadline for SMEs to 31 December 2025, giving businesses more time to comply.\" \/>\n<meta property=\"og:url\" content=\"https:\/\/www.dynatos.com\/es\/blog\/portugal-pushes-b2g-e-invoicing-deadline\/\" \/>\n<meta property=\"og:site_name\" content=\"Dynatos\" \/>\n<meta property=\"article:published_time\" content=\"2025-03-27T10:31:19+00:00\" \/>\n<meta property=\"article:modified_time\" content=\"2025-03-27T10:41:03+00:00\" \/>\n<meta property=\"og:image\" content=\"https:\/\/www.dynatos.com\/wp-content\/uploads\/2025\/03\/Liveblog-portugal.jpg\" \/>\n\t<meta property=\"og:image:width\" content=\"1920\" \/>\n\t<meta property=\"og:image:height\" content=\"1282\" \/>\n\t<meta property=\"og:image:type\" content=\"image\/jpeg\" \/>\n<meta name=\"author\" content=\"Axelle Dutre\" \/>\n<meta name=\"twitter:card\" content=\"summary_large_image\" \/>\n<script type=\"application\/ld+json\" class=\"yoast-schema-graph\">{\"@context\":\"https:\\\/\\\/schema.org\",\"@graph\":[{\"@type\":\"Article\",\"@id\":\"https:\\\/\\\/www.dynatos.com\\\/es\\\/blog\\\/portugal-pushes-b2g-e-invoicing-deadline\\\/#article\",\"isPartOf\":{\"@id\":\"https:\\\/\\\/www.dynatos.com\\\/es\\\/blog\\\/portugal-pushes-b2g-e-invoicing-deadline\\\/\"},\"author\":{\"name\":\"Axelle Dutre\",\"@id\":\"https:\\\/\\\/www.dynatos.com\\\/es\\\/#\\\/schema\\\/person\\\/73b56df5939259a518a6f4ce7f238f72\"},\"headline\":\"Portugal aplaza el plazo de facturaci\u00f3n electr\u00f3nica B2G\",\"datePublished\":\"2025-03-27T10:31:19+00:00\",\"dateModified\":\"2025-03-27T10:41:03+00:00\",\"mainEntityOfPage\":{\"@id\":\"https:\\\/\\\/www.dynatos.com\\\/es\\\/blog\\\/portugal-pushes-b2g-e-invoicing-deadline\\\/\"},\"wordCount\":300,\"image\":{\"@id\":\"https:\\\/\\\/www.dynatos.com\\\/es\\\/blog\\\/portugal-pushes-b2g-e-invoicing-deadline\\\/#primaryimage\"},\"thumbnailUrl\":\"https:\\\/\\\/www.dynatos.com\\\/wp-content\\\/uploads\\\/2025\\\/03\\\/Liveblog-portugal.jpg\",\"articleSection\":[\"Liveblog\"],\"inLanguage\":\"es\"},{\"@type\":\"WebPage\",\"@id\":\"https:\\\/\\\/www.dynatos.com\\\/es\\\/blog\\\/portugal-pushes-b2g-e-invoicing-deadline\\\/\",\"url\":\"https:\\\/\\\/www.dynatos.com\\\/es\\\/blog\\\/portugal-pushes-b2g-e-invoicing-deadline\\\/\",\"name\":\"Portugal aplaza el plazo de facturaci\u00f3n electr\u00f3nica B2G\",\"isPartOf\":{\"@id\":\"https:\\\/\\\/www.dynatos.com\\\/es\\\/#website\"},\"primaryImageOfPage\":{\"@id\":\"https:\\\/\\\/www.dynatos.com\\\/es\\\/blog\\\/portugal-pushes-b2g-e-invoicing-deadline\\\/#primaryimage\"},\"image\":{\"@id\":\"https:\\\/\\\/www.dynatos.com\\\/es\\\/blog\\\/portugal-pushes-b2g-e-invoicing-deadline\\\/#primaryimage\"},\"thumbnailUrl\":\"https:\\\/\\\/www.dynatos.com\\\/wp-content\\\/uploads\\\/2025\\\/03\\\/Liveblog-portugal.jpg\",\"datePublished\":\"2025-03-27T10:31:19+00:00\",\"dateModified\":\"2025-03-27T10:41:03+00:00\",\"author\":{\"@id\":\"https:\\\/\\\/www.dynatos.com\\\/es\\\/#\\\/schema\\\/person\\\/73b56df5939259a518a6f4ce7f238f72\"},\"description\":\"Portugal extends the B2G e-invoicing deadline for SMEs to 31 December 2025, giving businesses more time to comply.\",\"inLanguage\":\"es\",\"potentialAction\":[{\"@type\":\"ReadAction\",\"target\":[\"https:\\\/\\\/www.dynatos.com\\\/es\\\/blog\\\/portugal-pushes-b2g-e-invoicing-deadline\\\/\"]}]},{\"@type\":\"ImageObject\",\"inLanguage\":\"es\",\"@id\":\"https:\\\/\\\/www.dynatos.com\\\/es\\\/blog\\\/portugal-pushes-b2g-e-invoicing-deadline\\\/#primaryimage\",\"url\":\"https:\\\/\\\/www.dynatos.com\\\/wp-content\\\/uploads\\\/2025\\\/03\\\/Liveblog-portugal.jpg\",\"contentUrl\":\"https:\\\/\\\/www.dynatos.com\\\/wp-content\\\/uploads\\\/2025\\\/03\\\/Liveblog-portugal.jpg\",\"width\":1920,\"height\":1282},{\"@type\":\"WebSite\",\"@id\":\"https:\\\/\\\/www.dynatos.com\\\/es\\\/#website\",\"url\":\"https:\\\/\\\/www.dynatos.com\\\/es\\\/\",\"name\":\"Dynatos\",\"description\":\"Intelligent Finance Automation\",\"potentialAction\":[{\"@type\":\"SearchAction\",\"target\":{\"@type\":\"EntryPoint\",\"urlTemplate\":\"https:\\\/\\\/www.dynatos.com\\\/es\\\/?s={search_term_string}\"},\"query-input\":{\"@type\":\"PropertyValueSpecification\",\"valueRequired\":true,\"valueName\":\"search_term_string\"}}],\"inLanguage\":\"es\"},{\"@type\":\"Person\",\"@id\":\"https:\\\/\\\/www.dynatos.com\\\/es\\\/#\\\/schema\\\/person\\\/73b56df5939259a518a6f4ce7f238f72\",\"name\":\"Axelle Dutre\"}]}<\/script>\n<!-- \/ Yoast SEO Premium plugin. -->","yoast_head_json":{"title":"Portugal aplaza el plazo de facturaci\u00f3n electr\u00f3nica B2G","description":"Portugal extends the B2G e-invoicing deadline for SMEs to 31 December 2025, giving businesses more time to comply.","robots":{"index":"index","follow":"follow","max-snippet":"max-snippet:-1","max-image-preview":"max-image-preview:large","max-video-preview":"max-video-preview:-1"},"canonical":"https:\/\/www.dynatos.com\/es\/blog\/portugal-pushes-b2g-e-invoicing-deadline\/","og_locale":"es_ES","og_type":"article","og_title":"Portugal aplaza el plazo de facturaci\u00f3n electr\u00f3nica B2G","og_description":"Portugal extends the B2G e-invoicing deadline for SMEs to 31 December 2025, giving businesses more time to comply.","og_url":"https:\/\/www.dynatos.com\/es\/blog\/portugal-pushes-b2g-e-invoicing-deadline\/","og_site_name":"Dynatos","article_published_time":"2025-03-27T10:31:19+00:00","article_modified_time":"2025-03-27T10:41:03+00:00","og_image":[{"width":1920,"height":1282,"url":"https:\/\/www.dynatos.com\/wp-content\/uploads\/2025\/03\/Liveblog-portugal.jpg","type":"image\/jpeg"}],"author":"Axelle Dutre","twitter_card":"summary_large_image","schema":{"@context":"https:\/\/schema.org","@graph":[{"@type":"Article","@id":"https:\/\/www.dynatos.com\/es\/blog\/portugal-pushes-b2g-e-invoicing-deadline\/#article","isPartOf":{"@id":"https:\/\/www.dynatos.com\/es\/blog\/portugal-pushes-b2g-e-invoicing-deadline\/"},"author":{"name":"Axelle Dutre","@id":"https:\/\/www.dynatos.com\/es\/#\/schema\/person\/73b56df5939259a518a6f4ce7f238f72"},"headline":"Portugal aplaza el plazo de facturaci\u00f3n electr\u00f3nica B2G","datePublished":"2025-03-27T10:31:19+00:00","dateModified":"2025-03-27T10:41:03+00:00","mainEntityOfPage":{"@id":"https:\/\/www.dynatos.com\/es\/blog\/portugal-pushes-b2g-e-invoicing-deadline\/"},"wordCount":300,"image":{"@id":"https:\/\/www.dynatos.com\/es\/blog\/portugal-pushes-b2g-e-invoicing-deadline\/#primaryimage"},"thumbnailUrl":"https:\/\/www.dynatos.com\/wp-content\/uploads\/2025\/03\/Liveblog-portugal.jpg","articleSection":["Liveblog"],"inLanguage":"es"},{"@type":"WebPage","@id":"https:\/\/www.dynatos.com\/es\/blog\/portugal-pushes-b2g-e-invoicing-deadline\/","url":"https:\/\/www.dynatos.com\/es\/blog\/portugal-pushes-b2g-e-invoicing-deadline\/","name":"Portugal aplaza el plazo de facturaci\u00f3n electr\u00f3nica B2G","isPartOf":{"@id":"https:\/\/www.dynatos.com\/es\/#website"},"primaryImageOfPage":{"@id":"https:\/\/www.dynatos.com\/es\/blog\/portugal-pushes-b2g-e-invoicing-deadline\/#primaryimage"},"image":{"@id":"https:\/\/www.dynatos.com\/es\/blog\/portugal-pushes-b2g-e-invoicing-deadline\/#primaryimage"},"thumbnailUrl":"https:\/\/www.dynatos.com\/wp-content\/uploads\/2025\/03\/Liveblog-portugal.jpg","datePublished":"2025-03-27T10:31:19+00:00","dateModified":"2025-03-27T10:41:03+00:00","author":{"@id":"https:\/\/www.dynatos.com\/es\/#\/schema\/person\/73b56df5939259a518a6f4ce7f238f72"},"description":"Portugal extends the B2G e-invoicing deadline for SMEs to 31 December 2025, giving businesses more time to comply.","inLanguage":"es","potentialAction":[{"@type":"ReadAction","target":["https:\/\/www.dynatos.com\/es\/blog\/portugal-pushes-b2g-e-invoicing-deadline\/"]}]},{"@type":"ImageObject","inLanguage":"es","@id":"https:\/\/www.dynatos.com\/es\/blog\/portugal-pushes-b2g-e-invoicing-deadline\/#primaryimage","url":"https:\/\/www.dynatos.com\/wp-content\/uploads\/2025\/03\/Liveblog-portugal.jpg","contentUrl":"https:\/\/www.dynatos.com\/wp-content\/uploads\/2025\/03\/Liveblog-portugal.jpg","width":1920,"height":1282},{"@type":"WebSite","@id":"https:\/\/www.dynatos.com\/es\/#website","url":"https:\/\/www.dynatos.com\/es\/","name":"Dynatos","description":"Intelligent Finance Automation","potentialAction":[{"@type":"SearchAction","target":{"@type":"EntryPoint","urlTemplate":"https:\/\/www.dynatos.com\/es\/?s={search_term_string}"},"query-input":{"@type":"PropertyValueSpecification","valueRequired":true,"valueName":"search_term_string"}}],"inLanguage":"es"},{"@type":"Person","@id":"https:\/\/www.dynatos.com\/es\/#\/schema\/person\/73b56df5939259a518a6f4ce7f238f72","name":"Axelle Dutre"}]}},"_links":{"self":[{"href":"https:\/\/www.dynatos.com\/es\/wp-json\/wp\/v2\/posts\/50697","targetHints":{"allow":["GET"]}}],"collection":[{"href":"https:\/\/www.dynatos.com\/es\/wp-json\/wp\/v2\/posts"}],"about":[{"href":"https:\/\/www.dynatos.com\/es\/wp-json\/wp\/v2\/types\/post"}],"author":[{"embeddable":true,"href":"https:\/\/www.dynatos.com\/es\/wp-json\/wp\/v2\/users\/11"}],"replies":[{"embeddable":true,"href":"https:\/\/www.dynatos.com\/es\/wp-json\/wp\/v2\/comments?post=50697"}],"version-history":[{"count":0,"href":"https:\/\/www.dynatos.com\/es\/wp-json\/wp\/v2\/posts\/50697\/revisions"}],"wp:featuredmedia":[{"embeddable":true,"href":"https:\/\/www.dynatos.com\/es\/wp-json\/wp\/v2\/media\/50689"}],"wp:attachment":[{"href":"https:\/\/www.dynatos.com\/es\/wp-json\/wp\/v2\/media?parent=50697"}],"wp:term":[{"taxonomy":"category","embeddable":true,"href":"https:\/\/www.dynatos.com\/es\/wp-json\/wp\/v2\/categories?post=50697"},{"taxonomy":"post_tag","embeddable":true,"href":"https:\/\/www.dynatos.com\/es\/wp-json\/wp\/v2\/tags?post=50697"}],"curies":[{"name":"wp","href":"https:\/\/api.w.org\/{rel}","templated":true}]}}