{"id":50606,"date":"2025-03-21T11:41:52","date_gmt":"2025-03-21T10:41:52","guid":{"rendered":"https:\/\/www.dynatos.com\/spain-aligns-b2b-e-invoicing-standards-with-eu-equirements\/"},"modified":"2025-03-21T12:49:35","modified_gmt":"2025-03-21T11:49:35","slug":"espana-adapta-la-facturacion-b2b-a-la-ue","status":"publish","type":"post","link":"https:\/\/www.dynatos.com\/es\/blog\/espana-adapta-la-facturacion-b2b-a-la-ue\/","title":{"rendered":"Espa\u00f1a adapta la facturaci\u00f3n B2B a la UE"},"content":{"rendered":"<p><strong>El Ministerio de Asuntos Econ\u00f3micos y Transformaci\u00f3n Digital ha lanzado una segunda consulta p\u00fablica para perfeccionar el mandato de facturaci\u00f3n electr\u00f3nica B2B del pa\u00eds. Este paso tiene como objetivo recopilar comentarios p\u00fablicos antes de finalizar la nueva normativa.<\/strong><\/p>\n<h2>Actualizaciones clave en el borrador revisado<\/h2>\n<p> La consulta se centra en cambios espec\u00edficos respecto al borrador anterior. Las actualizaciones destacadas incluyen: <\/p>\n<ul>\n<li><strong>Requisitos m\u00e1s claros para la copia de la factura electr\u00f3nica:<\/strong> Se ha aclarado la definici\u00f3n de una \u00abcopia fiel\u00bb para su presentaci\u00f3n en la plataforma p\u00fablica de facturaci\u00f3n electr\u00f3nica.<\/li>\n<li><strong>Eliminaci\u00f3n de la exenci\u00f3n para facturas voluntarias:<\/strong> El borrador actualizado elimina la exenci\u00f3n que permit\u00eda omitir la emisi\u00f3n de facturas electr\u00f3nicas en casos de facturaci\u00f3n voluntaria sin obligaci\u00f3n formal.<\/li>\n<li><strong>Alineaci\u00f3n del formato con los est\u00e1ndares de la UE:<\/strong> Las soluciones utilizadas para enviar facturas electr\u00f3nicas ahora deben remitir la copia fiel en formato UBL (Lenguaje Universal de Negocios), en l\u00ednea con el est\u00e1ndar europeo EN16931.<\/li>\n<li><strong>Plazo para la implementaci\u00f3n:<\/strong> La obligaci\u00f3n de facturaci\u00f3n electr\u00f3nica B2B entrar\u00e1 en vigor un a\u00f1o despu\u00e9s de que se apruebe la Orden Ministerial que establece la plataforma p\u00fablica de facturaci\u00f3n electr\u00f3nica.<\/li>\n<\/ul>\n<h2>Basado en desarrollos anteriores<\/h2>\n<p> Esta consulta sigue a la notificaci\u00f3n previa de Espa\u00f1a a la Comisi\u00f3n Europea sobre sus planes para introducir la facturaci\u00f3n electr\u00f3nica B2B obligatoria. Para obtener m\u00e1s informaci\u00f3n sobre la estrategia de facturaci\u00f3n electr\u00f3nica de Espa\u00f1a y su alineaci\u00f3n con los requisitos de la UE, lea <a href=\"https:\/\/www.dynatos.com\/blog\/spain-notifies-eu-commission-b2b-e-invoicing-plans\/\" target=\"_new\" rel=\"noopener\" >este art\u00edculo<\/a>. <\/p>\n<h2>Pr\u00f3ximos pasos<\/h2>\n<p> El decreto revisado est\u00e1 abierto para consulta p\u00fablica hasta el 7 de abril de 2025. Se anima a las empresas a revisar los cambios propuestos y enviar sus comentarios para garantizar que el marco final refleje las necesidades del sector. <\/p>\n<h2>Prep\u00e1rese para UBL<\/h2>\n<p> Para mantenerse conforme e informado sobre el panorama en evoluci\u00f3n de la facturaci\u00f3n electr\u00f3nica en Espa\u00f1a, aseg\u00farese de que sus sistemas est\u00e9n preparados para admitir el formato UBL y cumplir con los nuevos requisitos de env\u00edo.<\/p>\n","protected":false},"excerpt":{"rendered":"<p>El Ministerio de Asuntos Econ\u00f3micos y Transformaci\u00f3n Digital ha lanzado una segunda consulta p\u00fablica para perfeccionar el mandato de facturaci\u00f3n&#8230;<\/p>\n","protected":false},"author":11,"featured_media":38645,"comment_status":"closed","ping_status":"closed","sticky":false,"template":"","format":"standard","meta":{"_acf_changed":false,"content-type":"","inline_featured_image":false,"footnotes":""},"categories":[189],"tags":[],"class_list":["post-50606","post","type-post","status-publish","format-standard","has-post-thumbnail","hentry","category-liveblog-es","country-spain-es"],"acf":[],"yoast_head":"<!-- This site is optimized with the Yoast SEO Premium plugin v27.3 (Yoast SEO v27.3) - https:\/\/yoast.com\/product\/yoast-seo-premium-wordpress\/ -->\n<title>Espa\u00f1a adapta la facturaci\u00f3n B2B a la UE<\/title>\n<meta name=\"description\" content=\"Espa\u00f1a actualiza las normas de facturaci\u00f3n electr\u00f3nica B2B con cambios clave y requisitos de cumplimiento para las empresas antes de 2025.\" \/>\n<meta name=\"robots\" content=\"index, follow, max-snippet:-1, max-image-preview:large, max-video-preview:-1\" \/>\n<link rel=\"canonical\" href=\"https:\/\/www.dynatos.com\/es\/blog\/espana-adapta-la-facturacion-b2b-a-la-ue\/\" \/>\n<meta property=\"og:locale\" content=\"es_ES\" \/>\n<meta property=\"og:type\" content=\"article\" \/>\n<meta property=\"og:title\" content=\"Espa\u00f1a adapta la facturaci\u00f3n B2B a la UE\" \/>\n<meta property=\"og:description\" content=\"Espa\u00f1a actualiza las normas de facturaci\u00f3n electr\u00f3nica B2B con cambios clave y requisitos de cumplimiento para las empresas antes de 2025.\" \/>\n<meta property=\"og:url\" content=\"https:\/\/www.dynatos.com\/es\/blog\/espana-adapta-la-facturacion-b2b-a-la-ue\/\" \/>\n<meta property=\"og:site_name\" content=\"Dynatos\" \/>\n<meta property=\"article:published_time\" content=\"2025-03-21T10:41:52+00:00\" \/>\n<meta property=\"article:modified_time\" content=\"2025-03-21T11:49:35+00:00\" \/>\n<meta property=\"og:image\" content=\"https:\/\/www.dynatos.com\/wp-content\/uploads\/2024\/06\/Liveblog-Spain.jpg\" \/>\n\t<meta property=\"og:image:width\" content=\"1920\" \/>\n\t<meta property=\"og:image:height\" content=\"867\" \/>\n\t<meta property=\"og:image:type\" content=\"image\/jpeg\" \/>\n<meta name=\"author\" content=\"Axelle Dutre\" \/>\n<meta name=\"twitter:card\" content=\"summary_large_image\" \/>\n<script type=\"application\/ld+json\" class=\"yoast-schema-graph\">{\"@context\":\"https:\\\/\\\/schema.org\",\"@graph\":[{\"@type\":\"Article\",\"@id\":\"https:\\\/\\\/www.dynatos.com\\\/es\\\/blog\\\/espana-adapta-la-facturacion-b2b-a-la-ue\\\/#article\",\"isPartOf\":{\"@id\":\"https:\\\/\\\/www.dynatos.com\\\/es\\\/blog\\\/espana-adapta-la-facturacion-b2b-a-la-ue\\\/\"},\"author\":{\"name\":\"Axelle Dutre\",\"@id\":\"https:\\\/\\\/www.dynatos.com\\\/es\\\/#\\\/schema\\\/person\\\/73b56df5939259a518a6f4ce7f238f72\"},\"headline\":\"Espa\u00f1a adapta la facturaci\u00f3n B2B a la UE\",\"datePublished\":\"2025-03-21T10:41:52+00:00\",\"dateModified\":\"2025-03-21T11:49:35+00:00\",\"mainEntityOfPage\":{\"@id\":\"https:\\\/\\\/www.dynatos.com\\\/es\\\/blog\\\/espana-adapta-la-facturacion-b2b-a-la-ue\\\/\"},\"wordCount\":387,\"image\":{\"@id\":\"https:\\\/\\\/www.dynatos.com\\\/es\\\/blog\\\/espana-adapta-la-facturacion-b2b-a-la-ue\\\/#primaryimage\"},\"thumbnailUrl\":\"https:\\\/\\\/www.dynatos.com\\\/wp-content\\\/uploads\\\/2024\\\/06\\\/Liveblog-Spain.jpg\",\"articleSection\":[\"Liveblog\"],\"inLanguage\":\"es\"},{\"@type\":\"WebPage\",\"@id\":\"https:\\\/\\\/www.dynatos.com\\\/es\\\/blog\\\/espana-adapta-la-facturacion-b2b-a-la-ue\\\/\",\"url\":\"https:\\\/\\\/www.dynatos.com\\\/es\\\/blog\\\/espana-adapta-la-facturacion-b2b-a-la-ue\\\/\",\"name\":\"Espa\u00f1a adapta la facturaci\u00f3n B2B a la UE\",\"isPartOf\":{\"@id\":\"https:\\\/\\\/www.dynatos.com\\\/es\\\/#website\"},\"primaryImageOfPage\":{\"@id\":\"https:\\\/\\\/www.dynatos.com\\\/es\\\/blog\\\/espana-adapta-la-facturacion-b2b-a-la-ue\\\/#primaryimage\"},\"image\":{\"@id\":\"https:\\\/\\\/www.dynatos.com\\\/es\\\/blog\\\/espana-adapta-la-facturacion-b2b-a-la-ue\\\/#primaryimage\"},\"thumbnailUrl\":\"https:\\\/\\\/www.dynatos.com\\\/wp-content\\\/uploads\\\/2024\\\/06\\\/Liveblog-Spain.jpg\",\"datePublished\":\"2025-03-21T10:41:52+00:00\",\"dateModified\":\"2025-03-21T11:49:35+00:00\",\"author\":{\"@id\":\"https:\\\/\\\/www.dynatos.com\\\/es\\\/#\\\/schema\\\/person\\\/73b56df5939259a518a6f4ce7f238f72\"},\"description\":\"Espa\u00f1a actualiza las normas de facturaci\u00f3n electr\u00f3nica B2B con cambios clave y requisitos de cumplimiento para las empresas antes de 2025.\",\"inLanguage\":\"es\",\"potentialAction\":[{\"@type\":\"ReadAction\",\"target\":[\"https:\\\/\\\/www.dynatos.com\\\/es\\\/blog\\\/espana-adapta-la-facturacion-b2b-a-la-ue\\\/\"]}]},{\"@type\":\"ImageObject\",\"inLanguage\":\"es\",\"@id\":\"https:\\\/\\\/www.dynatos.com\\\/es\\\/blog\\\/espana-adapta-la-facturacion-b2b-a-la-ue\\\/#primaryimage\",\"url\":\"https:\\\/\\\/www.dynatos.com\\\/wp-content\\\/uploads\\\/2024\\\/06\\\/Liveblog-Spain.jpg\",\"contentUrl\":\"https:\\\/\\\/www.dynatos.com\\\/wp-content\\\/uploads\\\/2024\\\/06\\\/Liveblog-Spain.jpg\",\"width\":1920,\"height\":867},{\"@type\":\"WebSite\",\"@id\":\"https:\\\/\\\/www.dynatos.com\\\/es\\\/#website\",\"url\":\"https:\\\/\\\/www.dynatos.com\\\/es\\\/\",\"name\":\"Dynatos\",\"description\":\"Intelligent Finance Automation\",\"potentialAction\":[{\"@type\":\"SearchAction\",\"target\":{\"@type\":\"EntryPoint\",\"urlTemplate\":\"https:\\\/\\\/www.dynatos.com\\\/es\\\/?s={search_term_string}\"},\"query-input\":{\"@type\":\"PropertyValueSpecification\",\"valueRequired\":true,\"valueName\":\"search_term_string\"}}],\"inLanguage\":\"es\"},{\"@type\":\"Person\",\"@id\":\"https:\\\/\\\/www.dynatos.com\\\/es\\\/#\\\/schema\\\/person\\\/73b56df5939259a518a6f4ce7f238f72\",\"name\":\"Axelle Dutre\"}]}<\/script>\n<!-- \/ Yoast SEO Premium plugin. -->","yoast_head_json":{"title":"Espa\u00f1a adapta la facturaci\u00f3n B2B a la UE","description":"Espa\u00f1a actualiza las normas de facturaci\u00f3n electr\u00f3nica B2B con cambios clave y requisitos de cumplimiento para las empresas antes de 2025.","robots":{"index":"index","follow":"follow","max-snippet":"max-snippet:-1","max-image-preview":"max-image-preview:large","max-video-preview":"max-video-preview:-1"},"canonical":"https:\/\/www.dynatos.com\/es\/blog\/espana-adapta-la-facturacion-b2b-a-la-ue\/","og_locale":"es_ES","og_type":"article","og_title":"Espa\u00f1a adapta la facturaci\u00f3n B2B a la UE","og_description":"Espa\u00f1a actualiza las normas de facturaci\u00f3n electr\u00f3nica B2B con cambios clave y requisitos de cumplimiento para las empresas antes de 2025.","og_url":"https:\/\/www.dynatos.com\/es\/blog\/espana-adapta-la-facturacion-b2b-a-la-ue\/","og_site_name":"Dynatos","article_published_time":"2025-03-21T10:41:52+00:00","article_modified_time":"2025-03-21T11:49:35+00:00","og_image":[{"width":1920,"height":867,"url":"https:\/\/www.dynatos.com\/wp-content\/uploads\/2024\/06\/Liveblog-Spain.jpg","type":"image\/jpeg"}],"author":"Axelle Dutre","twitter_card":"summary_large_image","schema":{"@context":"https:\/\/schema.org","@graph":[{"@type":"Article","@id":"https:\/\/www.dynatos.com\/es\/blog\/espana-adapta-la-facturacion-b2b-a-la-ue\/#article","isPartOf":{"@id":"https:\/\/www.dynatos.com\/es\/blog\/espana-adapta-la-facturacion-b2b-a-la-ue\/"},"author":{"name":"Axelle Dutre","@id":"https:\/\/www.dynatos.com\/es\/#\/schema\/person\/73b56df5939259a518a6f4ce7f238f72"},"headline":"Espa\u00f1a adapta la facturaci\u00f3n B2B a la UE","datePublished":"2025-03-21T10:41:52+00:00","dateModified":"2025-03-21T11:49:35+00:00","mainEntityOfPage":{"@id":"https:\/\/www.dynatos.com\/es\/blog\/espana-adapta-la-facturacion-b2b-a-la-ue\/"},"wordCount":387,"image":{"@id":"https:\/\/www.dynatos.com\/es\/blog\/espana-adapta-la-facturacion-b2b-a-la-ue\/#primaryimage"},"thumbnailUrl":"https:\/\/www.dynatos.com\/wp-content\/uploads\/2024\/06\/Liveblog-Spain.jpg","articleSection":["Liveblog"],"inLanguage":"es"},{"@type":"WebPage","@id":"https:\/\/www.dynatos.com\/es\/blog\/espana-adapta-la-facturacion-b2b-a-la-ue\/","url":"https:\/\/www.dynatos.com\/es\/blog\/espana-adapta-la-facturacion-b2b-a-la-ue\/","name":"Espa\u00f1a adapta la facturaci\u00f3n B2B a la UE","isPartOf":{"@id":"https:\/\/www.dynatos.com\/es\/#website"},"primaryImageOfPage":{"@id":"https:\/\/www.dynatos.com\/es\/blog\/espana-adapta-la-facturacion-b2b-a-la-ue\/#primaryimage"},"image":{"@id":"https:\/\/www.dynatos.com\/es\/blog\/espana-adapta-la-facturacion-b2b-a-la-ue\/#primaryimage"},"thumbnailUrl":"https:\/\/www.dynatos.com\/wp-content\/uploads\/2024\/06\/Liveblog-Spain.jpg","datePublished":"2025-03-21T10:41:52+00:00","dateModified":"2025-03-21T11:49:35+00:00","author":{"@id":"https:\/\/www.dynatos.com\/es\/#\/schema\/person\/73b56df5939259a518a6f4ce7f238f72"},"description":"Espa\u00f1a actualiza las normas de facturaci\u00f3n electr\u00f3nica B2B con cambios clave y requisitos de cumplimiento para las empresas antes de 2025.","inLanguage":"es","potentialAction":[{"@type":"ReadAction","target":["https:\/\/www.dynatos.com\/es\/blog\/espana-adapta-la-facturacion-b2b-a-la-ue\/"]}]},{"@type":"ImageObject","inLanguage":"es","@id":"https:\/\/www.dynatos.com\/es\/blog\/espana-adapta-la-facturacion-b2b-a-la-ue\/#primaryimage","url":"https:\/\/www.dynatos.com\/wp-content\/uploads\/2024\/06\/Liveblog-Spain.jpg","contentUrl":"https:\/\/www.dynatos.com\/wp-content\/uploads\/2024\/06\/Liveblog-Spain.jpg","width":1920,"height":867},{"@type":"WebSite","@id":"https:\/\/www.dynatos.com\/es\/#website","url":"https:\/\/www.dynatos.com\/es\/","name":"Dynatos","description":"Intelligent Finance Automation","potentialAction":[{"@type":"SearchAction","target":{"@type":"EntryPoint","urlTemplate":"https:\/\/www.dynatos.com\/es\/?s={search_term_string}"},"query-input":{"@type":"PropertyValueSpecification","valueRequired":true,"valueName":"search_term_string"}}],"inLanguage":"es"},{"@type":"Person","@id":"https:\/\/www.dynatos.com\/es\/#\/schema\/person\/73b56df5939259a518a6f4ce7f238f72","name":"Axelle Dutre"}]}},"_links":{"self":[{"href":"https:\/\/www.dynatos.com\/es\/wp-json\/wp\/v2\/posts\/50606","targetHints":{"allow":["GET"]}}],"collection":[{"href":"https:\/\/www.dynatos.com\/es\/wp-json\/wp\/v2\/posts"}],"about":[{"href":"https:\/\/www.dynatos.com\/es\/wp-json\/wp\/v2\/types\/post"}],"author":[{"embeddable":true,"href":"https:\/\/www.dynatos.com\/es\/wp-json\/wp\/v2\/users\/11"}],"replies":[{"embeddable":true,"href":"https:\/\/www.dynatos.com\/es\/wp-json\/wp\/v2\/comments?post=50606"}],"version-history":[{"count":0,"href":"https:\/\/www.dynatos.com\/es\/wp-json\/wp\/v2\/posts\/50606\/revisions"}],"wp:featuredmedia":[{"embeddable":true,"href":"https:\/\/www.dynatos.com\/es\/wp-json\/wp\/v2\/media\/38645"}],"wp:attachment":[{"href":"https:\/\/www.dynatos.com\/es\/wp-json\/wp\/v2\/media?parent=50606"}],"wp:term":[{"taxonomy":"category","embeddable":true,"href":"https:\/\/www.dynatos.com\/es\/wp-json\/wp\/v2\/categories?post=50606"},{"taxonomy":"post_tag","embeddable":true,"href":"https:\/\/www.dynatos.com\/es\/wp-json\/wp\/v2\/tags?post=50606"}],"curies":[{"name":"wp","href":"https:\/\/api.w.org\/{rel}","templated":true}]}}