{"id":49949,"date":"2025-02-06T13:00:07","date_gmt":"2025-02-06T12:00:07","guid":{"rendered":"https:\/\/www.dynatos.com\/?p=49949"},"modified":"2025-02-07T10:45:56","modified_gmt":"2025-02-07T09:45:56","slug":"belgium-plans-real-time-vat-reporting-by-2028","status":"publish","type":"post","link":"https:\/\/www.dynatos.com\/es\/blog\/belgium-plans-real-time-vat-reporting-by-2028\/","title":{"rendered":"B\u00e9lgica planea la declaraci\u00f3n del IVA en tiempo real"},"content":{"rendered":"<p><strong>El nuevo gobierno federal de B\u00e9lgica ha anunciado planes para implementar la declaraci\u00f3n del IVA en tiempo casi real para 2028. Esta iniciativa forma parte de un cambio m\u00e1s amplio en la pol\u00edtica fiscal para fomentar el emprendimiento y la competitividad. El nuevo sistema est\u00e1 dise\u00f1ado para combatir el fraude del IVA y funcionar\u00e1 junto con la obligaci\u00f3n de e-Invoicing, que entrar\u00e1 en vigor en 2026.<\/strong><\/p>\n<h2>Qu\u00e9 deben preparar las empresas<\/h2>\n<p>Las empresas que operan en B\u00e9lgica deber\u00e1n ajustar sus sistemas para cumplir con el nuevo marco de reporte. Los elementos clave incluyen:<\/p>\n<ul>\n<li><strong>Integraci\u00f3n de cajas registradoras, sistemas de pago y facturaci\u00f3n<\/strong>: Las empresas deber\u00e1n asegurarse de que sus sistemas financieros puedan transmitir autom\u00e1ticamente los datos del IVA a la administraci\u00f3n tributaria.<\/li>\n<li><strong>E-Invoicing obligatorio a partir de 2026<\/strong>: Las facturas electr\u00f3nicas se convertir\u00e1n en el est\u00e1ndar, sentando las bases para una declaraci\u00f3n del IVA m\u00e1s eficiente.<\/li>\n<li><strong>Eliminaci\u00f3n del requisito de lista anual de clientes<\/strong>: Este cambio busca reducir la carga administrativa y garantizar un mejor cumplimiento a trav\u00e9s de reportes en tiempo real.<\/li>\n<\/ul>\n<h2>C\u00f3mo la declaraci\u00f3n en tiempo real combate el fraude del IVA<\/h2>\n<p>La transmisi\u00f3n autom\u00e1tica de datos del IVA permitir\u00e1 a las autoridades fiscales belgas optimizar el an\u00e1lisis de datos y realizar auditor\u00edas m\u00e1s eficientes. Al reducir los informes manuales y los posibles errores, se espera que el sistema minimice las oportunidades de fraude.<\/p>\n<p class=\"expertise-list\">Puntos clave<\/p>\n<ol>\n<li>B\u00e9lgica implementar\u00e1 la declaraci\u00f3n del IVA en tiempo real para 2028.<\/li>\n<li>Las empresas deber\u00e1n integrar sus sistemas financieros con la administraci\u00f3n tributaria.<\/li>\n<li>El e-Invoicing ser\u00e1 obligatorio a partir de 2026.<\/li>\n<li>El requisito de lista anual de clientes ser\u00e1 eliminado.<\/li>\n<li>La iniciativa busca reducir el fraude del IVA y optimizar el cumplimiento fiscal.<\/li>\n<\/ol>\n<p>Las empresas deben comenzar a evaluar sus sistemas de facturaci\u00f3n y pago actuales para asegurarse de que est\u00e1n preparadas para la transici\u00f3n.<\/p>\n","protected":false},"excerpt":{"rendered":"<p>El nuevo gobierno federal de B\u00e9lgica ha anunciado planes para implementar la declaraci\u00f3n del IVA en tiempo casi real para&#8230;<\/p>\n","protected":false},"author":11,"featured_media":39104,"comment_status":"closed","ping_status":"closed","sticky":false,"template":"","format":"standard","meta":{"_acf_changed":false,"content-type":"","inline_featured_image":false,"footnotes":""},"categories":[189],"tags":[],"class_list":["post-49949","post","type-post","status-publish","format-standard","has-post-thumbnail","hentry","category-liveblog-es","country-belgium-es"],"acf":[],"yoast_head":"<!-- This site is optimized with the Yoast SEO Premium plugin v27.5 (Yoast SEO v27.5) - https:\/\/yoast.com\/product\/yoast-seo-premium-wordpress\/ -->\n<title>B\u00e9lgica planea la declaraci\u00f3n del IVA en tiempo real<\/title>\n<meta name=\"description\" content=\"B\u00e9lgica implementar\u00e1 la declaraci\u00f3n del IVA en tiempo real para 2028. Las empresas deben integrar sistemas y usar e-Invoicing desde 2026.\" \/>\n<meta name=\"robots\" content=\"index, follow, max-snippet:-1, max-image-preview:large, max-video-preview:-1\" \/>\n<link rel=\"canonical\" href=\"https:\/\/www.dynatos.com\/es\/blog\/belgium-plans-real-time-vat-reporting-by-2028\/\" \/>\n<meta property=\"og:locale\" content=\"es_ES\" \/>\n<meta property=\"og:type\" content=\"article\" \/>\n<meta property=\"og:title\" content=\"B\u00e9lgica planea la declaraci\u00f3n del IVA en tiempo real\" \/>\n<meta property=\"og:description\" content=\"B\u00e9lgica implementar\u00e1 la declaraci\u00f3n del IVA en tiempo real para 2028. Las empresas deben integrar sistemas y usar e-Invoicing desde 2026.\" \/>\n<meta property=\"og:url\" content=\"https:\/\/www.dynatos.com\/es\/blog\/belgium-plans-real-time-vat-reporting-by-2028\/\" \/>\n<meta property=\"og:site_name\" content=\"Dynatos\" \/>\n<meta property=\"article:published_time\" content=\"2025-02-06T12:00:07+00:00\" \/>\n<meta property=\"article:modified_time\" content=\"2025-02-07T09:45:56+00:00\" \/>\n<meta property=\"og:image\" content=\"https:\/\/www.dynatos.com\/wp-content\/uploads\/2024\/07\/Liveblog-belgium.jpg\" \/>\n\t<meta property=\"og:image:width\" content=\"1920\" \/>\n\t<meta property=\"og:image:height\" content=\"1280\" \/>\n\t<meta property=\"og:image:type\" content=\"image\/jpeg\" \/>\n<meta name=\"author\" content=\"Axelle Dutre\" \/>\n<meta name=\"twitter:card\" content=\"summary_large_image\" \/>\n<script type=\"application\/ld+json\" class=\"yoast-schema-graph\">{\"@context\":\"https:\\\/\\\/schema.org\",\"@graph\":[{\"@type\":\"Article\",\"@id\":\"https:\\\/\\\/www.dynatos.com\\\/es\\\/blog\\\/belgium-plans-real-time-vat-reporting-by-2028\\\/#article\",\"isPartOf\":{\"@id\":\"https:\\\/\\\/www.dynatos.com\\\/es\\\/blog\\\/belgium-plans-real-time-vat-reporting-by-2028\\\/\"},\"author\":{\"name\":\"Axelle Dutre\",\"@id\":\"https:\\\/\\\/www.dynatos.com\\\/es\\\/#\\\/schema\\\/person\\\/73b56df5939259a518a6f4ce7f238f72\"},\"headline\":\"B\u00e9lgica planea la declaraci\u00f3n del IVA en tiempo real\",\"datePublished\":\"2025-02-06T12:00:07+00:00\",\"dateModified\":\"2025-02-07T09:45:56+00:00\",\"mainEntityOfPage\":{\"@id\":\"https:\\\/\\\/www.dynatos.com\\\/es\\\/blog\\\/belgium-plans-real-time-vat-reporting-by-2028\\\/\"},\"wordCount\":342,\"image\":{\"@id\":\"https:\\\/\\\/www.dynatos.com\\\/es\\\/blog\\\/belgium-plans-real-time-vat-reporting-by-2028\\\/#primaryimage\"},\"thumbnailUrl\":\"https:\\\/\\\/www.dynatos.com\\\/wp-content\\\/uploads\\\/2024\\\/07\\\/Liveblog-belgium.jpg\",\"articleSection\":[\"Liveblog\"],\"inLanguage\":\"es\"},{\"@type\":\"WebPage\",\"@id\":\"https:\\\/\\\/www.dynatos.com\\\/es\\\/blog\\\/belgium-plans-real-time-vat-reporting-by-2028\\\/\",\"url\":\"https:\\\/\\\/www.dynatos.com\\\/es\\\/blog\\\/belgium-plans-real-time-vat-reporting-by-2028\\\/\",\"name\":\"B\u00e9lgica planea la declaraci\u00f3n del IVA en tiempo real\",\"isPartOf\":{\"@id\":\"https:\\\/\\\/www.dynatos.com\\\/es\\\/#website\"},\"primaryImageOfPage\":{\"@id\":\"https:\\\/\\\/www.dynatos.com\\\/es\\\/blog\\\/belgium-plans-real-time-vat-reporting-by-2028\\\/#primaryimage\"},\"image\":{\"@id\":\"https:\\\/\\\/www.dynatos.com\\\/es\\\/blog\\\/belgium-plans-real-time-vat-reporting-by-2028\\\/#primaryimage\"},\"thumbnailUrl\":\"https:\\\/\\\/www.dynatos.com\\\/wp-content\\\/uploads\\\/2024\\\/07\\\/Liveblog-belgium.jpg\",\"datePublished\":\"2025-02-06T12:00:07+00:00\",\"dateModified\":\"2025-02-07T09:45:56+00:00\",\"author\":{\"@id\":\"https:\\\/\\\/www.dynatos.com\\\/es\\\/#\\\/schema\\\/person\\\/73b56df5939259a518a6f4ce7f238f72\"},\"description\":\"B\u00e9lgica implementar\u00e1 la declaraci\u00f3n del IVA en tiempo real para 2028. Las empresas deben integrar sistemas y usar e-Invoicing desde 2026.\",\"inLanguage\":\"es\",\"potentialAction\":[{\"@type\":\"ReadAction\",\"target\":[\"https:\\\/\\\/www.dynatos.com\\\/es\\\/blog\\\/belgium-plans-real-time-vat-reporting-by-2028\\\/\"]}]},{\"@type\":\"ImageObject\",\"inLanguage\":\"es\",\"@id\":\"https:\\\/\\\/www.dynatos.com\\\/es\\\/blog\\\/belgium-plans-real-time-vat-reporting-by-2028\\\/#primaryimage\",\"url\":\"https:\\\/\\\/www.dynatos.com\\\/wp-content\\\/uploads\\\/2024\\\/07\\\/Liveblog-belgium.jpg\",\"contentUrl\":\"https:\\\/\\\/www.dynatos.com\\\/wp-content\\\/uploads\\\/2024\\\/07\\\/Liveblog-belgium.jpg\",\"width\":1920,\"height\":1280,\"caption\":\"Liveblog Belgium\"},{\"@type\":\"WebSite\",\"@id\":\"https:\\\/\\\/www.dynatos.com\\\/es\\\/#website\",\"url\":\"https:\\\/\\\/www.dynatos.com\\\/es\\\/\",\"name\":\"Dynatos\",\"description\":\"Intelligent Finance Automation\",\"potentialAction\":[{\"@type\":\"SearchAction\",\"target\":{\"@type\":\"EntryPoint\",\"urlTemplate\":\"https:\\\/\\\/www.dynatos.com\\\/es\\\/?s={search_term_string}\"},\"query-input\":{\"@type\":\"PropertyValueSpecification\",\"valueRequired\":true,\"valueName\":\"search_term_string\"}}],\"inLanguage\":\"es\"},{\"@type\":\"Person\",\"@id\":\"https:\\\/\\\/www.dynatos.com\\\/es\\\/#\\\/schema\\\/person\\\/73b56df5939259a518a6f4ce7f238f72\",\"name\":\"Axelle Dutre\"}]}<\/script>\n<!-- \/ Yoast SEO Premium plugin. -->","yoast_head_json":{"title":"B\u00e9lgica planea la declaraci\u00f3n del IVA en tiempo real","description":"B\u00e9lgica implementar\u00e1 la declaraci\u00f3n del IVA en tiempo real para 2028. Las empresas deben integrar sistemas y usar e-Invoicing desde 2026.","robots":{"index":"index","follow":"follow","max-snippet":"max-snippet:-1","max-image-preview":"max-image-preview:large","max-video-preview":"max-video-preview:-1"},"canonical":"https:\/\/www.dynatos.com\/es\/blog\/belgium-plans-real-time-vat-reporting-by-2028\/","og_locale":"es_ES","og_type":"article","og_title":"B\u00e9lgica planea la declaraci\u00f3n del IVA en tiempo real","og_description":"B\u00e9lgica implementar\u00e1 la declaraci\u00f3n del IVA en tiempo real para 2028. Las empresas deben integrar sistemas y usar e-Invoicing desde 2026.","og_url":"https:\/\/www.dynatos.com\/es\/blog\/belgium-plans-real-time-vat-reporting-by-2028\/","og_site_name":"Dynatos","article_published_time":"2025-02-06T12:00:07+00:00","article_modified_time":"2025-02-07T09:45:56+00:00","og_image":[{"width":1920,"height":1280,"url":"https:\/\/www.dynatos.com\/wp-content\/uploads\/2024\/07\/Liveblog-belgium.jpg","type":"image\/jpeg"}],"author":"Axelle Dutre","twitter_card":"summary_large_image","schema":{"@context":"https:\/\/schema.org","@graph":[{"@type":"Article","@id":"https:\/\/www.dynatos.com\/es\/blog\/belgium-plans-real-time-vat-reporting-by-2028\/#article","isPartOf":{"@id":"https:\/\/www.dynatos.com\/es\/blog\/belgium-plans-real-time-vat-reporting-by-2028\/"},"author":{"name":"Axelle Dutre","@id":"https:\/\/www.dynatos.com\/es\/#\/schema\/person\/73b56df5939259a518a6f4ce7f238f72"},"headline":"B\u00e9lgica planea la declaraci\u00f3n del IVA en tiempo real","datePublished":"2025-02-06T12:00:07+00:00","dateModified":"2025-02-07T09:45:56+00:00","mainEntityOfPage":{"@id":"https:\/\/www.dynatos.com\/es\/blog\/belgium-plans-real-time-vat-reporting-by-2028\/"},"wordCount":342,"image":{"@id":"https:\/\/www.dynatos.com\/es\/blog\/belgium-plans-real-time-vat-reporting-by-2028\/#primaryimage"},"thumbnailUrl":"https:\/\/www.dynatos.com\/wp-content\/uploads\/2024\/07\/Liveblog-belgium.jpg","articleSection":["Liveblog"],"inLanguage":"es"},{"@type":"WebPage","@id":"https:\/\/www.dynatos.com\/es\/blog\/belgium-plans-real-time-vat-reporting-by-2028\/","url":"https:\/\/www.dynatos.com\/es\/blog\/belgium-plans-real-time-vat-reporting-by-2028\/","name":"B\u00e9lgica planea la declaraci\u00f3n del IVA en tiempo real","isPartOf":{"@id":"https:\/\/www.dynatos.com\/es\/#website"},"primaryImageOfPage":{"@id":"https:\/\/www.dynatos.com\/es\/blog\/belgium-plans-real-time-vat-reporting-by-2028\/#primaryimage"},"image":{"@id":"https:\/\/www.dynatos.com\/es\/blog\/belgium-plans-real-time-vat-reporting-by-2028\/#primaryimage"},"thumbnailUrl":"https:\/\/www.dynatos.com\/wp-content\/uploads\/2024\/07\/Liveblog-belgium.jpg","datePublished":"2025-02-06T12:00:07+00:00","dateModified":"2025-02-07T09:45:56+00:00","author":{"@id":"https:\/\/www.dynatos.com\/es\/#\/schema\/person\/73b56df5939259a518a6f4ce7f238f72"},"description":"B\u00e9lgica implementar\u00e1 la declaraci\u00f3n del IVA en tiempo real para 2028. Las empresas deben integrar sistemas y usar e-Invoicing desde 2026.","inLanguage":"es","potentialAction":[{"@type":"ReadAction","target":["https:\/\/www.dynatos.com\/es\/blog\/belgium-plans-real-time-vat-reporting-by-2028\/"]}]},{"@type":"ImageObject","inLanguage":"es","@id":"https:\/\/www.dynatos.com\/es\/blog\/belgium-plans-real-time-vat-reporting-by-2028\/#primaryimage","url":"https:\/\/www.dynatos.com\/wp-content\/uploads\/2024\/07\/Liveblog-belgium.jpg","contentUrl":"https:\/\/www.dynatos.com\/wp-content\/uploads\/2024\/07\/Liveblog-belgium.jpg","width":1920,"height":1280,"caption":"Liveblog Belgium"},{"@type":"WebSite","@id":"https:\/\/www.dynatos.com\/es\/#website","url":"https:\/\/www.dynatos.com\/es\/","name":"Dynatos","description":"Intelligent Finance Automation","potentialAction":[{"@type":"SearchAction","target":{"@type":"EntryPoint","urlTemplate":"https:\/\/www.dynatos.com\/es\/?s={search_term_string}"},"query-input":{"@type":"PropertyValueSpecification","valueRequired":true,"valueName":"search_term_string"}}],"inLanguage":"es"},{"@type":"Person","@id":"https:\/\/www.dynatos.com\/es\/#\/schema\/person\/73b56df5939259a518a6f4ce7f238f72","name":"Axelle Dutre"}]}},"_links":{"self":[{"href":"https:\/\/www.dynatos.com\/es\/wp-json\/wp\/v2\/posts\/49949","targetHints":{"allow":["GET"]}}],"collection":[{"href":"https:\/\/www.dynatos.com\/es\/wp-json\/wp\/v2\/posts"}],"about":[{"href":"https:\/\/www.dynatos.com\/es\/wp-json\/wp\/v2\/types\/post"}],"author":[{"embeddable":true,"href":"https:\/\/www.dynatos.com\/es\/wp-json\/wp\/v2\/users\/11"}],"replies":[{"embeddable":true,"href":"https:\/\/www.dynatos.com\/es\/wp-json\/wp\/v2\/comments?post=49949"}],"version-history":[{"count":0,"href":"https:\/\/www.dynatos.com\/es\/wp-json\/wp\/v2\/posts\/49949\/revisions"}],"wp:featuredmedia":[{"embeddable":true,"href":"https:\/\/www.dynatos.com\/es\/wp-json\/wp\/v2\/media\/39104"}],"wp:attachment":[{"href":"https:\/\/www.dynatos.com\/es\/wp-json\/wp\/v2\/media?parent=49949"}],"wp:term":[{"taxonomy":"category","embeddable":true,"href":"https:\/\/www.dynatos.com\/es\/wp-json\/wp\/v2\/categories?post=49949"},{"taxonomy":"post_tag","embeddable":true,"href":"https:\/\/www.dynatos.com\/es\/wp-json\/wp\/v2\/tags?post=49949"}],"curies":[{"name":"wp","href":"https:\/\/api.w.org\/{rel}","templated":true}]}}