{"id":45774,"date":"2024-07-25T14:27:15","date_gmt":"2024-07-25T12:27:15","guid":{"rendered":"https:\/\/www.dynatos.com\/getting-ready-for-the-belgian-b2b-mandate\/"},"modified":"2024-12-18T15:24:13","modified_gmt":"2024-12-18T14:24:13","slug":"getting-ready-for-the-belgian-b2b-mandate","status":"publish","type":"post","link":"https:\/\/www.dynatos.com\/es\/blog\/getting-ready-for-the-belgian-b2b-mandate\/","title":{"rendered":"\u00bfPrepar\u00e1ndose para el mandato B2B belga?"},"content":{"rendered":"<p><strong>El Servicio P\u00fablico Federal de Finanzas de B\u00e9lgica ha publicado algunas orientaciones iniciales en anticipaci\u00f3n al mandato de facturaci\u00f3n electr\u00f3nica B2B, que entrar\u00e1 en vigor el 1 de enero de 2026.<\/strong><\/p>\n<p>La nueva gu\u00eda, presentada como un FAQ, responde a preguntas cr\u00edticas sobre el pr\u00f3ximo mandato de facturaci\u00f3n electr\u00f3nica en B\u00e9lgica. Cubre la definici\u00f3n de una factura electr\u00f3nica estructurada, los formatos requeridos, los procesos para enviar y recibir estas facturas, y la informaci\u00f3n sobre transacciones excluidas. La gu\u00eda est\u00e1 disponible en neerland\u00e9s y franc\u00e9s y tiene como objetivo ayudar a las empresas a prepararse para los nuevos requisitos.<\/p>\n<p>Estas preguntas van desde lo b\u00e1sico (&#8216;\u00bfQu\u00e9 es una factura electr\u00f3nica?&#8217;) hasta cuestiones m\u00e1s t\u00e9cnicas (&#8216;\u00bfQu\u00e9 es la \u00abautenticidad del origen\u00bb de la factura?&#8217;).<\/p>\n<p>Por favor, visita la <a target=\"_blank\" rel=\"nofollow noopener\">p\u00e1gina web<\/a> para m\u00e1s orientaci\u00f3n.<\/p>\n","protected":false},"excerpt":{"rendered":"<p>El Servicio P\u00fablico Federal de Finanzas de B\u00e9lgica ha publicado algunas orientaciones iniciales en anticipaci\u00f3n al mandato de facturaci\u00f3n electr\u00f3nica&#8230;<\/p>\n","protected":false},"author":6,"featured_media":39104,"comment_status":"closed","ping_status":"closed","sticky":false,"template":"","format":"standard","meta":{"_acf_changed":false,"content-type":"","inline_featured_image":false,"footnotes":""},"categories":[189],"tags":[],"class_list":["post-45774","post","type-post","status-publish","format-standard","has-post-thumbnail","hentry","category-liveblog-es","country-belgium-es"],"acf":[],"yoast_head":"<!-- This site is optimized with the Yoast SEO Premium plugin v27.3 (Yoast SEO v27.3) - https:\/\/yoast.com\/product\/yoast-seo-premium-wordpress\/ -->\n<title>\u00bfPrepar\u00e1ndose para el mandato B2B belga? - Dynatos<\/title>\n<meta name=\"description\" content=\"En anticipaci\u00f3n al mandato de facturaci\u00f3n electr\u00f3nica B2B que entrar\u00e1 en vigor el 1 de enero de 2026, el Servicio P\u00fablico Federal de Finanzas de B\u00e9lgica ha publicado algunas orientaciones iniciales.\" \/>\n<meta name=\"robots\" content=\"index, follow, max-snippet:-1, max-image-preview:large, max-video-preview:-1\" \/>\n<link rel=\"canonical\" href=\"https:\/\/www.dynatos.com\/es\/blog\/getting-ready-for-the-belgian-b2b-mandate\/\" \/>\n<meta property=\"og:locale\" content=\"es_ES\" \/>\n<meta property=\"og:type\" content=\"article\" \/>\n<meta property=\"og:title\" content=\"\u00bfPrepar\u00e1ndose para el mandato B2B belga?\" \/>\n<meta property=\"og:description\" content=\"En anticipaci\u00f3n al mandato de facturaci\u00f3n electr\u00f3nica B2B que entrar\u00e1 en vigor el 1 de enero de 2026, el Servicio P\u00fablico Federal de Finanzas de B\u00e9lgica ha publicado algunas orientaciones iniciales.\" \/>\n<meta property=\"og:url\" content=\"https:\/\/www.dynatos.com\/es\/blog\/getting-ready-for-the-belgian-b2b-mandate\/\" \/>\n<meta property=\"og:site_name\" content=\"Dynatos\" \/>\n<meta property=\"article:published_time\" content=\"2024-07-25T12:27:15+00:00\" \/>\n<meta property=\"article:modified_time\" content=\"2024-12-18T14:24:13+00:00\" \/>\n<meta property=\"og:image\" content=\"https:\/\/www.dynatos.com\/wp-content\/uploads\/2024\/07\/Liveblog-belgium.jpg\" \/>\n\t<meta property=\"og:image:width\" content=\"1920\" \/>\n\t<meta property=\"og:image:height\" content=\"1280\" \/>\n\t<meta property=\"og:image:type\" content=\"image\/jpeg\" \/>\n<meta name=\"author\" content=\"marleen\" \/>\n<meta name=\"twitter:card\" content=\"summary_large_image\" \/>\n<script type=\"application\/ld+json\" class=\"yoast-schema-graph\">{\"@context\":\"https:\\\/\\\/schema.org\",\"@graph\":[{\"@type\":\"Article\",\"@id\":\"https:\\\/\\\/www.dynatos.com\\\/es\\\/blog\\\/getting-ready-for-the-belgian-b2b-mandate\\\/#article\",\"isPartOf\":{\"@id\":\"https:\\\/\\\/www.dynatos.com\\\/es\\\/blog\\\/getting-ready-for-the-belgian-b2b-mandate\\\/\"},\"author\":{\"name\":\"marleen\",\"@id\":\"https:\\\/\\\/www.dynatos.com\\\/es\\\/#\\\/schema\\\/person\\\/674330fb5dcc0679e184a0cdfbfbee7e\"},\"headline\":\"\u00bfPrepar\u00e1ndose para el mandato B2B belga?\",\"datePublished\":\"2024-07-25T12:27:15+00:00\",\"dateModified\":\"2024-12-18T14:24:13+00:00\",\"mainEntityOfPage\":{\"@id\":\"https:\\\/\\\/www.dynatos.com\\\/es\\\/blog\\\/getting-ready-for-the-belgian-b2b-mandate\\\/\"},\"wordCount\":162,\"image\":{\"@id\":\"https:\\\/\\\/www.dynatos.com\\\/es\\\/blog\\\/getting-ready-for-the-belgian-b2b-mandate\\\/#primaryimage\"},\"thumbnailUrl\":\"https:\\\/\\\/www.dynatos.com\\\/wp-content\\\/uploads\\\/2024\\\/07\\\/Liveblog-belgium.jpg\",\"articleSection\":[\"Liveblog\"],\"inLanguage\":\"es\"},{\"@type\":\"WebPage\",\"@id\":\"https:\\\/\\\/www.dynatos.com\\\/es\\\/blog\\\/getting-ready-for-the-belgian-b2b-mandate\\\/\",\"url\":\"https:\\\/\\\/www.dynatos.com\\\/es\\\/blog\\\/getting-ready-for-the-belgian-b2b-mandate\\\/\",\"name\":\"\u00bfPrepar\u00e1ndose para el mandato B2B belga? - Dynatos\",\"isPartOf\":{\"@id\":\"https:\\\/\\\/www.dynatos.com\\\/es\\\/#website\"},\"primaryImageOfPage\":{\"@id\":\"https:\\\/\\\/www.dynatos.com\\\/es\\\/blog\\\/getting-ready-for-the-belgian-b2b-mandate\\\/#primaryimage\"},\"image\":{\"@id\":\"https:\\\/\\\/www.dynatos.com\\\/es\\\/blog\\\/getting-ready-for-the-belgian-b2b-mandate\\\/#primaryimage\"},\"thumbnailUrl\":\"https:\\\/\\\/www.dynatos.com\\\/wp-content\\\/uploads\\\/2024\\\/07\\\/Liveblog-belgium.jpg\",\"datePublished\":\"2024-07-25T12:27:15+00:00\",\"dateModified\":\"2024-12-18T14:24:13+00:00\",\"author\":{\"@id\":\"https:\\\/\\\/www.dynatos.com\\\/es\\\/#\\\/schema\\\/person\\\/674330fb5dcc0679e184a0cdfbfbee7e\"},\"description\":\"En anticipaci\u00f3n al mandato de facturaci\u00f3n electr\u00f3nica B2B que entrar\u00e1 en vigor el 1 de enero de 2026, el Servicio P\u00fablico Federal de Finanzas de B\u00e9lgica ha publicado algunas orientaciones iniciales.\",\"inLanguage\":\"es\",\"potentialAction\":[{\"@type\":\"ReadAction\",\"target\":[\"https:\\\/\\\/www.dynatos.com\\\/es\\\/blog\\\/getting-ready-for-the-belgian-b2b-mandate\\\/\"]}]},{\"@type\":\"ImageObject\",\"inLanguage\":\"es\",\"@id\":\"https:\\\/\\\/www.dynatos.com\\\/es\\\/blog\\\/getting-ready-for-the-belgian-b2b-mandate\\\/#primaryimage\",\"url\":\"https:\\\/\\\/www.dynatos.com\\\/wp-content\\\/uploads\\\/2024\\\/07\\\/Liveblog-belgium.jpg\",\"contentUrl\":\"https:\\\/\\\/www.dynatos.com\\\/wp-content\\\/uploads\\\/2024\\\/07\\\/Liveblog-belgium.jpg\",\"width\":1920,\"height\":1280,\"caption\":\"Liveblog Belgium\"},{\"@type\":\"WebSite\",\"@id\":\"https:\\\/\\\/www.dynatos.com\\\/es\\\/#website\",\"url\":\"https:\\\/\\\/www.dynatos.com\\\/es\\\/\",\"name\":\"Dynatos\",\"description\":\"Intelligent Finance Automation\",\"potentialAction\":[{\"@type\":\"SearchAction\",\"target\":{\"@type\":\"EntryPoint\",\"urlTemplate\":\"https:\\\/\\\/www.dynatos.com\\\/es\\\/?s={search_term_string}\"},\"query-input\":{\"@type\":\"PropertyValueSpecification\",\"valueRequired\":true,\"valueName\":\"search_term_string\"}}],\"inLanguage\":\"es\"},{\"@type\":\"Person\",\"@id\":\"https:\\\/\\\/www.dynatos.com\\\/es\\\/#\\\/schema\\\/person\\\/674330fb5dcc0679e184a0cdfbfbee7e\",\"name\":\"marleen\"}]}<\/script>\n<!-- \/ Yoast SEO Premium plugin. -->","yoast_head_json":{"title":"\u00bfPrepar\u00e1ndose para el mandato B2B belga? - Dynatos","description":"En anticipaci\u00f3n al mandato de facturaci\u00f3n electr\u00f3nica B2B que entrar\u00e1 en vigor el 1 de enero de 2026, el Servicio P\u00fablico Federal de Finanzas de B\u00e9lgica ha publicado algunas orientaciones iniciales.","robots":{"index":"index","follow":"follow","max-snippet":"max-snippet:-1","max-image-preview":"max-image-preview:large","max-video-preview":"max-video-preview:-1"},"canonical":"https:\/\/www.dynatos.com\/es\/blog\/getting-ready-for-the-belgian-b2b-mandate\/","og_locale":"es_ES","og_type":"article","og_title":"\u00bfPrepar\u00e1ndose para el mandato B2B belga?","og_description":"En anticipaci\u00f3n al mandato de facturaci\u00f3n electr\u00f3nica B2B que entrar\u00e1 en vigor el 1 de enero de 2026, el Servicio P\u00fablico Federal de Finanzas de B\u00e9lgica ha publicado algunas orientaciones iniciales.","og_url":"https:\/\/www.dynatos.com\/es\/blog\/getting-ready-for-the-belgian-b2b-mandate\/","og_site_name":"Dynatos","article_published_time":"2024-07-25T12:27:15+00:00","article_modified_time":"2024-12-18T14:24:13+00:00","og_image":[{"width":1920,"height":1280,"url":"https:\/\/www.dynatos.com\/wp-content\/uploads\/2024\/07\/Liveblog-belgium.jpg","type":"image\/jpeg"}],"author":"marleen","twitter_card":"summary_large_image","schema":{"@context":"https:\/\/schema.org","@graph":[{"@type":"Article","@id":"https:\/\/www.dynatos.com\/es\/blog\/getting-ready-for-the-belgian-b2b-mandate\/#article","isPartOf":{"@id":"https:\/\/www.dynatos.com\/es\/blog\/getting-ready-for-the-belgian-b2b-mandate\/"},"author":{"name":"marleen","@id":"https:\/\/www.dynatos.com\/es\/#\/schema\/person\/674330fb5dcc0679e184a0cdfbfbee7e"},"headline":"\u00bfPrepar\u00e1ndose para el mandato B2B belga?","datePublished":"2024-07-25T12:27:15+00:00","dateModified":"2024-12-18T14:24:13+00:00","mainEntityOfPage":{"@id":"https:\/\/www.dynatos.com\/es\/blog\/getting-ready-for-the-belgian-b2b-mandate\/"},"wordCount":162,"image":{"@id":"https:\/\/www.dynatos.com\/es\/blog\/getting-ready-for-the-belgian-b2b-mandate\/#primaryimage"},"thumbnailUrl":"https:\/\/www.dynatos.com\/wp-content\/uploads\/2024\/07\/Liveblog-belgium.jpg","articleSection":["Liveblog"],"inLanguage":"es"},{"@type":"WebPage","@id":"https:\/\/www.dynatos.com\/es\/blog\/getting-ready-for-the-belgian-b2b-mandate\/","url":"https:\/\/www.dynatos.com\/es\/blog\/getting-ready-for-the-belgian-b2b-mandate\/","name":"\u00bfPrepar\u00e1ndose para el mandato B2B belga? - Dynatos","isPartOf":{"@id":"https:\/\/www.dynatos.com\/es\/#website"},"primaryImageOfPage":{"@id":"https:\/\/www.dynatos.com\/es\/blog\/getting-ready-for-the-belgian-b2b-mandate\/#primaryimage"},"image":{"@id":"https:\/\/www.dynatos.com\/es\/blog\/getting-ready-for-the-belgian-b2b-mandate\/#primaryimage"},"thumbnailUrl":"https:\/\/www.dynatos.com\/wp-content\/uploads\/2024\/07\/Liveblog-belgium.jpg","datePublished":"2024-07-25T12:27:15+00:00","dateModified":"2024-12-18T14:24:13+00:00","author":{"@id":"https:\/\/www.dynatos.com\/es\/#\/schema\/person\/674330fb5dcc0679e184a0cdfbfbee7e"},"description":"En anticipaci\u00f3n al mandato de facturaci\u00f3n electr\u00f3nica B2B que entrar\u00e1 en vigor el 1 de enero de 2026, el Servicio P\u00fablico Federal de Finanzas de B\u00e9lgica ha publicado algunas orientaciones iniciales.","inLanguage":"es","potentialAction":[{"@type":"ReadAction","target":["https:\/\/www.dynatos.com\/es\/blog\/getting-ready-for-the-belgian-b2b-mandate\/"]}]},{"@type":"ImageObject","inLanguage":"es","@id":"https:\/\/www.dynatos.com\/es\/blog\/getting-ready-for-the-belgian-b2b-mandate\/#primaryimage","url":"https:\/\/www.dynatos.com\/wp-content\/uploads\/2024\/07\/Liveblog-belgium.jpg","contentUrl":"https:\/\/www.dynatos.com\/wp-content\/uploads\/2024\/07\/Liveblog-belgium.jpg","width":1920,"height":1280,"caption":"Liveblog Belgium"},{"@type":"WebSite","@id":"https:\/\/www.dynatos.com\/es\/#website","url":"https:\/\/www.dynatos.com\/es\/","name":"Dynatos","description":"Intelligent Finance Automation","potentialAction":[{"@type":"SearchAction","target":{"@type":"EntryPoint","urlTemplate":"https:\/\/www.dynatos.com\/es\/?s={search_term_string}"},"query-input":{"@type":"PropertyValueSpecification","valueRequired":true,"valueName":"search_term_string"}}],"inLanguage":"es"},{"@type":"Person","@id":"https:\/\/www.dynatos.com\/es\/#\/schema\/person\/674330fb5dcc0679e184a0cdfbfbee7e","name":"marleen"}]}},"_links":{"self":[{"href":"https:\/\/www.dynatos.com\/es\/wp-json\/wp\/v2\/posts\/45774","targetHints":{"allow":["GET"]}}],"collection":[{"href":"https:\/\/www.dynatos.com\/es\/wp-json\/wp\/v2\/posts"}],"about":[{"href":"https:\/\/www.dynatos.com\/es\/wp-json\/wp\/v2\/types\/post"}],"author":[{"embeddable":true,"href":"https:\/\/www.dynatos.com\/es\/wp-json\/wp\/v2\/users\/6"}],"replies":[{"embeddable":true,"href":"https:\/\/www.dynatos.com\/es\/wp-json\/wp\/v2\/comments?post=45774"}],"version-history":[{"count":0,"href":"https:\/\/www.dynatos.com\/es\/wp-json\/wp\/v2\/posts\/45774\/revisions"}],"wp:featuredmedia":[{"embeddable":true,"href":"https:\/\/www.dynatos.com\/es\/wp-json\/wp\/v2\/media\/39104"}],"wp:attachment":[{"href":"https:\/\/www.dynatos.com\/es\/wp-json\/wp\/v2\/media?parent=45774"}],"wp:term":[{"taxonomy":"category","embeddable":true,"href":"https:\/\/www.dynatos.com\/es\/wp-json\/wp\/v2\/categories?post=45774"},{"taxonomy":"post_tag","embeddable":true,"href":"https:\/\/www.dynatos.com\/es\/wp-json\/wp\/v2\/tags?post=45774"}],"curies":[{"name":"wp","href":"https:\/\/api.w.org\/{rel}","templated":true}]}}