{"id":58549,"date":"2025-12-04T16:19:01","date_gmt":"2025-12-04T15:19:01","guid":{"rendered":"https:\/\/www.dynatos.com\/?p=58549"},"modified":"2025-12-09T16:19:01","modified_gmt":"2025-12-09T15:19:01","slug":"belgien-prazisiert-die-b2b-e-invoicingpflicht-fur-2026","status":"publish","type":"post","link":"https:\/\/www.dynatos.com\/de\/blog\/belgium-clarifies-its-2026-b2b-e-invoicing-obligations\/","title":{"rendered":"Belgien pr\u00e4zisiert die B2B E-Invoicingpflicht f\u00fcr 2026"},"content":{"rendered":"<h2>Belgien pr\u00e4zisiert seine B2B E-Invoicingpflicht f\u00fcr 2026<\/h2>\n<p><strong>Belgien hat einen neuen Gesetzesentwurf ver\u00f6ffentlicht, der die B2B E-Invoicingpflicht f\u00fcr 2026 konkretisiert. Der Text kl\u00e4rt Umfang und Ausnahmen, richtet die Regeln an der EU Richtlinie VAT in the Digital Age aus und best\u00e4tigt den Starttermin am 1. Januar 2026.<\/strong><\/p>\n<p>Der Entwurf folgt mehreren Aktualisierungen aus 2024 und 2025. Dazu geh\u00f6rten Hinweise zur nationalen Einf\u00fchrung, die geplante Schliessung von Hermes und die Einf\u00fchrung einer bedingten \u00dcbergangsfrist. Eine vollst\u00e4ndige \u00dcbersicht finden Sie in unseren fr\u00fcheren Beitr\u00e4gen zum <a href=\"https:\/\/www.dynatos.com\/de\/blog\/belgium-confirms-grace-period-for-mandatory-b2b-e-invoicing-in-2026\/\" target=\"_blank\" rel=\"noopener\">\u00dcbergangszeitraum<\/a>, zu den <a href=\"https:\/\/www.dynatos.com\/de\/blog\/new-guidance-for-belgiums-2026-e-invoicing-rules\/\" target=\"_blank\" rel=\"noopener\">neuen Richtlinien<\/a>, zur <a href=\"https:\/\/www.dynatos.com\/de\/blog\/belgium-to-close-hermes-e-invoicing-platform\/\" target=\"_blank\" rel=\"noopener\">Schliessung von Hermes<\/a> und zum <a href=\"https:\/\/www.dynatos.com\/de\/blog\/belgium-b2b-e-invoicing-decree-2025\/\" target=\"_blank\" rel=\"noopener\">Dekret von 2025<\/a>.<\/p>\n<p>Belgien geht damit einen weiteren Schritt in Richtung verpflichtender B2B E-Invoicing. Am 3. Dezember 2025 ver\u00f6ffentlichte die Regierung einen Gesetzesentwurf mit gezielten Anpassungen f\u00fcr 2026. Ziel ist es, nationale Vorschriften an die EU Richtlinie VAT in the Digital Age anzugleichen und Unternehmen mehr Klarheit f\u00fcr die Vorbereitung auf den Go Live zu bieten.<\/p>\n<h2>Warum dieser Entwurf wichtig ist<\/h2>\n<p>Das Dokument kl\u00e4rt mehrere Punkte, die Organisationen seit dem Dekret 2025 und den sp\u00e4teren Verwaltungshinweisen angesprochen haben. Unternehmen ben\u00f6tigten vor allem Klarheit zu Grenzf\u00e4llen, Ausnahmen und zum Zusammenspiel zwischen belgischen Regeln und k\u00fcnftigen EU Vorgaben.<\/p>\n<p>Die Klarstellungen helfen Finance, Tax und IT Teams zu beurteilen, ob die Pflicht gilt, welches Format erforderlich ist und wie ein EN 16931 konformer Prozess aussehen sollte. Sie bauen auf fr\u00fcheren Erkenntnissen unserer <a href=\"https:\/\/www.dynatos.com\/de\/blog\/new-guidance-for-belgiums-2026-e-invoicing-rules\/\" target=\"_blank\" rel=\"noopener\">Guidance f\u00fcr 2026<\/a> auf.<\/p>\n<h2>Wesentliche Klarstellungen<\/h2>\n<p>Der Gesetzesentwurf enth\u00e4lt vier wichtige Punkte f\u00fcr Unternehmen.<\/p>\n<h3>1. Angleichung an die EU Richtlinie VAT in the Digital Age<\/h3>\n<p>Die belgischen Vorschriften werden angepasst, um konsistent mit den kommenden EU Anforderungen f\u00fcr strukturierte Rechnungen und Echtzeitmeldungen zu sein. Dies verringert das Risiko zus\u00e4tzlicher Anpassungen, sobald die EU Regeln weiterentwickelt werden.<\/p>\n<h3>2. Nicht in Belgien ans\u00e4ssige Steuerpflichtige sind ausgenommen<\/h3>\n<p>Unternehmen, die nicht in Belgien ans\u00e4ssig sind, aber eine belgische Umsatzsteuer-Identifikationsnummer besitzen, fallen gem\u00e4ss dem Entwurf nicht unter die Verpflichtung. Dies schafft Klarheit f\u00fcr internationale Gruppen.<\/p>\n<h3>3. Ausnahme, wenn der Empf\u00e4nger keine strukturierte Rechnung empfangen kann<\/h3>\n<p>Kann ein Empf\u00e4nger technisch keine strukturierte E-Rechnung empfangen, darf der Lieferant eine normale Rechnung ausstellen, elektronisch oder auf Papier.<\/p>\n<p>Die Ausnahme gilt nur, wenn die Einschr\u00e4nkung nachweisbar ist. Sie ist nicht als allgemeiner Grund gedacht, die Einf\u00fchrung zu verz\u00f6gern.<\/p>\n<h3>4. Starttermin bleibt der 1. Januar 2026<\/h3>\n<p>Es gibt keine zus\u00e4tzlichen \u00dcbergangsfristen oder eine gestufte Einf\u00fchrung. Unternehmen m\u00fcssen von vollst\u00e4ndiger Compliance ab dem 1. Januar 2026 ausgehen.<\/p>\n<h2>Was Unternehmen jetzt tun sollten<\/h2>\n<p>Organisationen in Belgien sollten ihre Rechnungsprozesse, ERP Systeme und Partnerlandschaft im Hinblick auf diese Klarstellungen \u00fcberpr\u00fcfen. Die Ausnahme f\u00fcr nicht ans\u00e4ssige Steuerpflichtige schafft Klarheit, und die \u00dcbergangsregelung bietet Lieferanten eine begrenzte Notl\u00f6sung.<\/p>\n<p>Zugleich ist die Richtung eindeutig. EN 16931 konformes E-Invoicing wird zum Standard. Finance und IT Teams sollten sicherstellen, dass ihre Systeme bereit sind, strukturierte Rechnungen \u00fcber Peppol oder andere akzeptierte Kan\u00e4le zu senden und zu empfangen.<\/p>\n<p>Der vollst\u00e4ndige Gesetzestext ist \u00fcber die Website des belgischen Parlaments abrufbar:<\/p>\n<p><a href=\"https:\/\/www.dekamer.be\/flwb\/pdf\/56\/1205\/56K1205001.pdf\" target=\"_blank\" rel=\"noopener noreferrer nofollow\">Vollst\u00e4ndiger Gesetzesentwurf<\/a><\/p>\n<h2>Wichtige Punkte f\u00fcr Unternehmen<\/h2>\n<p>Massnahmen, die Unternehmen aufgrund des Entwurfs ber\u00fccksichtigen sollten:<\/p>\n<ul>\n<li>Pr\u00fcfen, ob die Organisation innerhalb oder ausserhalb des Anwendungsbereichs liegt.<\/li>\n<li>Vorbereitung auf das Senden und Empfangen strukturierter Rechnungen ab 2026.<\/li>\n<li>Dokumentieren, wie F\u00e4lle gehandhabt werden, in denen Kunden keine strukturierten Rechnungen empfangen k\u00f6nnen.<\/li>\n<li>Abstimmung von Compliance, Tax und IT mit der EU VAT in the Digital Age Roadmap.<\/li>\n<\/ul>\n<p>F\u00fcr einen vollst\u00e4ndigen \u00dcberblick empfehlen wir, den Entwurf zusammen mit fr\u00fcheren Aktualisierungen zu pr\u00fcfen, wie dem <a href=\"https:\/\/www.dynatos.com\/de\/blog\/belgium-b2b-e-invoicing-decree-2025\/\" target=\"_blank\" rel=\"noopener\">Dekret von 2025<\/a> und den <a href=\"https:\/\/www.dynatos.com\/de\/blog\/new-guidance-for-belgiums-2026-e-invoicing-rules\/\" target=\"_blank\" rel=\"noopener\">Verwaltungshinweisen<\/a>.<\/p>\n","protected":false},"excerpt":{"rendered":"<p>Belgien pr\u00e4zisiert seine B2B E-Invoicingpflicht f\u00fcr 2026 Belgien hat einen neuen Gesetzesentwurf ver\u00f6ffentlicht, der die B2B E-Invoicingpflicht f\u00fcr 2026 konkretisiert&#8230;.<\/p>\n","protected":false},"author":11,"featured_media":39103,"comment_status":"closed","ping_status":"closed","sticky":false,"template":"","format":"standard","meta":{"_acf_changed":false,"content-type":"","inline_featured_image":false,"footnotes":""},"categories":[186],"tags":[],"class_list":["post-58549","post","type-post","status-publish","format-standard","has-post-thumbnail","hentry","category-liveblog-de","country-belgium-de"],"acf":[],"yoast_head":"<!-- This site is optimized with the Yoast SEO Premium plugin v27.5 (Yoast SEO v27.5) - https:\/\/yoast.com\/product\/yoast-seo-premium-wordpress\/ -->\n<title>Belgien aktualisiert Entwurf zur E-Invoicingpflicht 2026 - Dynatos<\/title>\n<meta name=\"description\" content=\"Belgien ver\u00f6ffentlicht einen Gesetzesentwurf, der Umfang und Ausnahmen der B2B E-Invoicingpflicht 2026 kl\u00e4rt und den Starttermin best\u00e4tigt.\" \/>\n<meta name=\"robots\" content=\"index, follow, max-snippet:-1, max-image-preview:large, max-video-preview:-1\" \/>\n<link rel=\"canonical\" href=\"https:\/\/www.dynatos.com\/de\/blog\/belgium-clarifies-its-2026-b2b-e-invoicing-obligations\/\" \/>\n<meta property=\"og:locale\" content=\"de_DE\" \/>\n<meta property=\"og:type\" content=\"article\" \/>\n<meta property=\"og:title\" content=\"Belgien pr\u00e4zisiert die B2B E-Invoicingpflicht f\u00fcr 2026\" \/>\n<meta property=\"og:description\" content=\"Belgien ver\u00f6ffentlicht einen Gesetzesentwurf, der Umfang und Ausnahmen der B2B E-Invoicingpflicht 2026 kl\u00e4rt und den Starttermin best\u00e4tigt.\" \/>\n<meta property=\"og:url\" content=\"https:\/\/www.dynatos.com\/de\/blog\/belgium-clarifies-its-2026-b2b-e-invoicing-obligations\/\" \/>\n<meta property=\"og:site_name\" content=\"Dynatos\" \/>\n<meta property=\"article:published_time\" content=\"2025-12-04T15:19:01+00:00\" \/>\n<meta property=\"article:modified_time\" content=\"2025-12-09T15:19:01+00:00\" \/>\n<meta property=\"og:image\" content=\"https:\/\/www.dynatos.com\/wp-content\/uploads\/2024\/07\/Liveblog-belgium.jpg\" \/>\n\t<meta property=\"og:image:width\" content=\"1920\" \/>\n\t<meta property=\"og:image:height\" content=\"1280\" \/>\n\t<meta property=\"og:image:type\" content=\"image\/jpeg\" \/>\n<meta name=\"author\" content=\"Axelle Dutre\" \/>\n<meta name=\"twitter:card\" content=\"summary_large_image\" \/>\n<script type=\"application\/ld+json\" class=\"yoast-schema-graph\">{\"@context\":\"https:\\\/\\\/schema.org\",\"@graph\":[{\"@type\":\"Article\",\"@id\":\"https:\\\/\\\/www.dynatos.com\\\/de\\\/blog\\\/belgium-clarifies-its-2026-b2b-e-invoicing-obligations\\\/#article\",\"isPartOf\":{\"@id\":\"https:\\\/\\\/www.dynatos.com\\\/de\\\/blog\\\/belgium-clarifies-its-2026-b2b-e-invoicing-obligations\\\/\"},\"author\":{\"name\":\"Axelle Dutre\",\"@id\":\"https:\\\/\\\/www.dynatos.com\\\/de\\\/#\\\/schema\\\/person\\\/73b56df5939259a518a6f4ce7f238f72\"},\"headline\":\"Belgien pr\u00e4zisiert die B2B E-Invoicingpflicht f\u00fcr 2026\",\"datePublished\":\"2025-12-04T15:19:01+00:00\",\"dateModified\":\"2025-12-09T15:19:01+00:00\",\"mainEntityOfPage\":{\"@id\":\"https:\\\/\\\/www.dynatos.com\\\/de\\\/blog\\\/belgium-clarifies-its-2026-b2b-e-invoicing-obligations\\\/\"},\"wordCount\":600,\"image\":{\"@id\":\"https:\\\/\\\/www.dynatos.com\\\/de\\\/blog\\\/belgium-clarifies-its-2026-b2b-e-invoicing-obligations\\\/#primaryimage\"},\"thumbnailUrl\":\"https:\\\/\\\/www.dynatos.com\\\/wp-content\\\/uploads\\\/2024\\\/07\\\/Liveblog-belgium.jpg\",\"articleSection\":[\"Liveblog\"],\"inLanguage\":\"de\"},{\"@type\":\"WebPage\",\"@id\":\"https:\\\/\\\/www.dynatos.com\\\/de\\\/blog\\\/belgium-clarifies-its-2026-b2b-e-invoicing-obligations\\\/\",\"url\":\"https:\\\/\\\/www.dynatos.com\\\/de\\\/blog\\\/belgium-clarifies-its-2026-b2b-e-invoicing-obligations\\\/\",\"name\":\"Belgien aktualisiert Entwurf zur E-Invoicingpflicht 2026 - Dynatos\",\"isPartOf\":{\"@id\":\"https:\\\/\\\/www.dynatos.com\\\/de\\\/#website\"},\"primaryImageOfPage\":{\"@id\":\"https:\\\/\\\/www.dynatos.com\\\/de\\\/blog\\\/belgium-clarifies-its-2026-b2b-e-invoicing-obligations\\\/#primaryimage\"},\"image\":{\"@id\":\"https:\\\/\\\/www.dynatos.com\\\/de\\\/blog\\\/belgium-clarifies-its-2026-b2b-e-invoicing-obligations\\\/#primaryimage\"},\"thumbnailUrl\":\"https:\\\/\\\/www.dynatos.com\\\/wp-content\\\/uploads\\\/2024\\\/07\\\/Liveblog-belgium.jpg\",\"datePublished\":\"2025-12-04T15:19:01+00:00\",\"dateModified\":\"2025-12-09T15:19:01+00:00\",\"author\":{\"@id\":\"https:\\\/\\\/www.dynatos.com\\\/de\\\/#\\\/schema\\\/person\\\/73b56df5939259a518a6f4ce7f238f72\"},\"description\":\"Belgien ver\u00f6ffentlicht einen Gesetzesentwurf, der Umfang und Ausnahmen der B2B E-Invoicingpflicht 2026 kl\u00e4rt und den Starttermin best\u00e4tigt.\",\"inLanguage\":\"de\",\"potentialAction\":[{\"@type\":\"ReadAction\",\"target\":[\"https:\\\/\\\/www.dynatos.com\\\/de\\\/blog\\\/belgium-clarifies-its-2026-b2b-e-invoicing-obligations\\\/\"]}]},{\"@type\":\"ImageObject\",\"inLanguage\":\"de\",\"@id\":\"https:\\\/\\\/www.dynatos.com\\\/de\\\/blog\\\/belgium-clarifies-its-2026-b2b-e-invoicing-obligations\\\/#primaryimage\",\"url\":\"https:\\\/\\\/www.dynatos.com\\\/wp-content\\\/uploads\\\/2024\\\/07\\\/Liveblog-belgium.jpg\",\"contentUrl\":\"https:\\\/\\\/www.dynatos.com\\\/wp-content\\\/uploads\\\/2024\\\/07\\\/Liveblog-belgium.jpg\",\"width\":1920,\"height\":1280,\"caption\":\"Liveblog Belgium\"},{\"@type\":\"WebSite\",\"@id\":\"https:\\\/\\\/www.dynatos.com\\\/de\\\/#website\",\"url\":\"https:\\\/\\\/www.dynatos.com\\\/de\\\/\",\"name\":\"Dynatos\",\"description\":\"Intelligent Finance Automation\",\"potentialAction\":[{\"@type\":\"SearchAction\",\"target\":{\"@type\":\"EntryPoint\",\"urlTemplate\":\"https:\\\/\\\/www.dynatos.com\\\/de\\\/?s={search_term_string}\"},\"query-input\":{\"@type\":\"PropertyValueSpecification\",\"valueRequired\":true,\"valueName\":\"search_term_string\"}}],\"inLanguage\":\"de\"},{\"@type\":\"Person\",\"@id\":\"https:\\\/\\\/www.dynatos.com\\\/de\\\/#\\\/schema\\\/person\\\/73b56df5939259a518a6f4ce7f238f72\",\"name\":\"Axelle Dutre\"}]}<\/script>\n<!-- \/ Yoast SEO Premium plugin. -->","yoast_head_json":{"title":"Belgien aktualisiert Entwurf zur E-Invoicingpflicht 2026 - Dynatos","description":"Belgien ver\u00f6ffentlicht einen Gesetzesentwurf, der Umfang und Ausnahmen der B2B E-Invoicingpflicht 2026 kl\u00e4rt und den Starttermin best\u00e4tigt.","robots":{"index":"index","follow":"follow","max-snippet":"max-snippet:-1","max-image-preview":"max-image-preview:large","max-video-preview":"max-video-preview:-1"},"canonical":"https:\/\/www.dynatos.com\/de\/blog\/belgium-clarifies-its-2026-b2b-e-invoicing-obligations\/","og_locale":"de_DE","og_type":"article","og_title":"Belgien pr\u00e4zisiert die B2B E-Invoicingpflicht f\u00fcr 2026","og_description":"Belgien ver\u00f6ffentlicht einen Gesetzesentwurf, der Umfang und Ausnahmen der B2B E-Invoicingpflicht 2026 kl\u00e4rt und den Starttermin best\u00e4tigt.","og_url":"https:\/\/www.dynatos.com\/de\/blog\/belgium-clarifies-its-2026-b2b-e-invoicing-obligations\/","og_site_name":"Dynatos","article_published_time":"2025-12-04T15:19:01+00:00","article_modified_time":"2025-12-09T15:19:01+00:00","og_image":[{"width":1920,"height":1280,"url":"https:\/\/www.dynatos.com\/wp-content\/uploads\/2024\/07\/Liveblog-belgium.jpg","type":"image\/jpeg"}],"author":"Axelle Dutre","twitter_card":"summary_large_image","schema":{"@context":"https:\/\/schema.org","@graph":[{"@type":"Article","@id":"https:\/\/www.dynatos.com\/de\/blog\/belgium-clarifies-its-2026-b2b-e-invoicing-obligations\/#article","isPartOf":{"@id":"https:\/\/www.dynatos.com\/de\/blog\/belgium-clarifies-its-2026-b2b-e-invoicing-obligations\/"},"author":{"name":"Axelle Dutre","@id":"https:\/\/www.dynatos.com\/de\/#\/schema\/person\/73b56df5939259a518a6f4ce7f238f72"},"headline":"Belgien pr\u00e4zisiert die B2B E-Invoicingpflicht f\u00fcr 2026","datePublished":"2025-12-04T15:19:01+00:00","dateModified":"2025-12-09T15:19:01+00:00","mainEntityOfPage":{"@id":"https:\/\/www.dynatos.com\/de\/blog\/belgium-clarifies-its-2026-b2b-e-invoicing-obligations\/"},"wordCount":600,"image":{"@id":"https:\/\/www.dynatos.com\/de\/blog\/belgium-clarifies-its-2026-b2b-e-invoicing-obligations\/#primaryimage"},"thumbnailUrl":"https:\/\/www.dynatos.com\/wp-content\/uploads\/2024\/07\/Liveblog-belgium.jpg","articleSection":["Liveblog"],"inLanguage":"de"},{"@type":"WebPage","@id":"https:\/\/www.dynatos.com\/de\/blog\/belgium-clarifies-its-2026-b2b-e-invoicing-obligations\/","url":"https:\/\/www.dynatos.com\/de\/blog\/belgium-clarifies-its-2026-b2b-e-invoicing-obligations\/","name":"Belgien aktualisiert Entwurf zur E-Invoicingpflicht 2026 - Dynatos","isPartOf":{"@id":"https:\/\/www.dynatos.com\/de\/#website"},"primaryImageOfPage":{"@id":"https:\/\/www.dynatos.com\/de\/blog\/belgium-clarifies-its-2026-b2b-e-invoicing-obligations\/#primaryimage"},"image":{"@id":"https:\/\/www.dynatos.com\/de\/blog\/belgium-clarifies-its-2026-b2b-e-invoicing-obligations\/#primaryimage"},"thumbnailUrl":"https:\/\/www.dynatos.com\/wp-content\/uploads\/2024\/07\/Liveblog-belgium.jpg","datePublished":"2025-12-04T15:19:01+00:00","dateModified":"2025-12-09T15:19:01+00:00","author":{"@id":"https:\/\/www.dynatos.com\/de\/#\/schema\/person\/73b56df5939259a518a6f4ce7f238f72"},"description":"Belgien ver\u00f6ffentlicht einen Gesetzesentwurf, der Umfang und Ausnahmen der B2B E-Invoicingpflicht 2026 kl\u00e4rt und den Starttermin best\u00e4tigt.","inLanguage":"de","potentialAction":[{"@type":"ReadAction","target":["https:\/\/www.dynatos.com\/de\/blog\/belgium-clarifies-its-2026-b2b-e-invoicing-obligations\/"]}]},{"@type":"ImageObject","inLanguage":"de","@id":"https:\/\/www.dynatos.com\/de\/blog\/belgium-clarifies-its-2026-b2b-e-invoicing-obligations\/#primaryimage","url":"https:\/\/www.dynatos.com\/wp-content\/uploads\/2024\/07\/Liveblog-belgium.jpg","contentUrl":"https:\/\/www.dynatos.com\/wp-content\/uploads\/2024\/07\/Liveblog-belgium.jpg","width":1920,"height":1280,"caption":"Liveblog Belgium"},{"@type":"WebSite","@id":"https:\/\/www.dynatos.com\/de\/#website","url":"https:\/\/www.dynatos.com\/de\/","name":"Dynatos","description":"Intelligent Finance Automation","potentialAction":[{"@type":"SearchAction","target":{"@type":"EntryPoint","urlTemplate":"https:\/\/www.dynatos.com\/de\/?s={search_term_string}"},"query-input":{"@type":"PropertyValueSpecification","valueRequired":true,"valueName":"search_term_string"}}],"inLanguage":"de"},{"@type":"Person","@id":"https:\/\/www.dynatos.com\/de\/#\/schema\/person\/73b56df5939259a518a6f4ce7f238f72","name":"Axelle Dutre"}]}},"_links":{"self":[{"href":"https:\/\/www.dynatos.com\/de\/wp-json\/wp\/v2\/posts\/58549","targetHints":{"allow":["GET"]}}],"collection":[{"href":"https:\/\/www.dynatos.com\/de\/wp-json\/wp\/v2\/posts"}],"about":[{"href":"https:\/\/www.dynatos.com\/de\/wp-json\/wp\/v2\/types\/post"}],"author":[{"embeddable":true,"href":"https:\/\/www.dynatos.com\/de\/wp-json\/wp\/v2\/users\/11"}],"replies":[{"embeddable":true,"href":"https:\/\/www.dynatos.com\/de\/wp-json\/wp\/v2\/comments?post=58549"}],"version-history":[{"count":0,"href":"https:\/\/www.dynatos.com\/de\/wp-json\/wp\/v2\/posts\/58549\/revisions"}],"wp:featuredmedia":[{"embeddable":true,"href":"https:\/\/www.dynatos.com\/de\/wp-json\/wp\/v2\/media\/39103"}],"wp:attachment":[{"href":"https:\/\/www.dynatos.com\/de\/wp-json\/wp\/v2\/media?parent=58549"}],"wp:term":[{"taxonomy":"category","embeddable":true,"href":"https:\/\/www.dynatos.com\/de\/wp-json\/wp\/v2\/categories?post=58549"},{"taxonomy":"post_tag","embeddable":true,"href":"https:\/\/www.dynatos.com\/de\/wp-json\/wp\/v2\/tags?post=58549"}],"curies":[{"name":"wp","href":"https:\/\/api.w.org\/{rel}","templated":true}]}}