{"id":52542,"date":"2025-05-06T12:44:05","date_gmt":"2025-05-06T10:44:05","guid":{"rendered":"https:\/\/www.dynatos.com\/eu-vat-committee-discusses-next-steps-for-vida-implementation\/"},"modified":"2025-05-15T18:16:46","modified_gmt":"2025-05-15T16:16:46","slug":"eu-vat-committee-discusses-next-steps-for-vida-implementation","status":"publish","type":"post","link":"https:\/\/www.dynatos.com\/de\/blog\/eu-vat-committee-discusses-next-steps-for-vida-implementation\/","title":{"rendered":"ViDA: EU-MWSt-Ausschuss bespricht Umsetzung"},"content":{"rendered":"<p><strong>Am 5. Mai 2025 ver\u00f6ffentlichte die Europ\u00e4ische Kommission das Protokoll der 126. Sitzung des Mehrwertsteuerausschusses vom 21. M\u00e4rz. Diese Sondersitzung konzentrierte sich vollst\u00e4ndig auf die erste Phase der Umsetzung des Mehrwertsteuerpakets f\u00fcr das digitale Zeitalter (ViDA), das der EU-Rat am 11. M\u00e4rz 2025 offiziell verabschiedet hatte.<\/strong><\/p>\n<h2>Auf der Tagesordnung<\/h2>\n<p>Die Sitzung behandelte zwei unmittelbar betroffene Bereiche: \u00c4nderungen bei den E-Rechnungsverpflichtungen und Aktualisierungen des Meldeverfahrens im Rahmen des Import-One-Stop-Shop (IOSS). Diese \u00c4nderungen treten am 20. Tag nach Ver\u00f6ffentlichung der ViDA-Richtlinie im Amtsblatt der EU in Kraft.<\/p>\n<h2>E-Rechnung: Kl\u00e4rung des Anwendungsbereichs<\/h2>\n<p>Die Kommission stellte ein Papier zu den ge\u00e4nderten Artikeln 218 und 232 der Mehrwertsteuerrichtlinie vor und erl\u00e4uterte, wie die Mitgliedstaaten nun E-Rechnungen f\u00fcr bestimmte Transaktionen und Steuerpflichtige vorschreiben k\u00f6nnen. Diese fr\u00fche Kl\u00e4rung soll eine einheitliche Auslegung und Anwendung in der EU gew\u00e4hrleisten. Entsprechende Leitlinien werden vorbereitet.<\/p>\n<h2>Mehr Details bei IOSS-Meldungen<\/h2>\n<p>Die Sitzung behandelte auch neue Regeln, die eine Aufschl\u00fcsselung der IOSS-Monatsmeldungen nach Verbrauchsmitgliedstaat verlangen. Dies soll den Steuerbeh\u00f6rden bessere Pr\u00fcfeinblicke erm\u00f6glichen. Einige Mitgliedstaaten \u00e4u\u00dferten technische Bedenken, insbesondere zur Verwendung der EORI-Nummer bei fehlender Verbraucheradresse. Die Kommission stellte klar, dass die Verbraucheradresse die prim\u00e4re Referenz bleibt, die EORI-Nummer dient nur als Ersatz.<\/p>\n<h2>Laufende Arbeiten<\/h2>\n<p>Die Kommission verwies zudem auf laufende Arbeiten zur Absicherung der IOSS-Nummer gegen Missbrauch. Ein detaillierteres Update dazu erfolgt im Treffen der Gruppe zur Zukunft der Mehrwertsteuer am 28. M\u00e4rz 2025.<\/p>\n<h2>Wichtigste Erkenntnisse<\/h2>\n<ul>\n<li>Mitgliedstaaten k\u00f6nnen nun E-Rechnungen gem\u00e4\u00df den \u00fcberarbeiteten Artikeln 218 und 232 vorschreiben.<\/li>\n<li>Es wurde gekl\u00e4rt, wer betroffen ist und wie sich dies auf k\u00fcnftige Meldevorgaben auswirkt.<\/li>\n<li>IOSS-Monatsmeldungen m\u00fcssen jetzt nach Verbrauchsmitgliedstaat aufgeschl\u00fcsselt werden.<\/li>\n<li>Bedenken zur Nutzung von EORI-Nummern bei fehlender Adresse wurden ge\u00e4u\u00dfert.<\/li>\n<li>Ein Folgeupdate zur Sicherung der IOSS-Nummer ist f\u00fcr Ende M\u00e4rz geplant.<\/li>\n<\/ul>\n<h2>Mehr erfahren<\/h2>\n<p>F\u00fcr alle, die von diesen \u00c4nderungen betroffen sind \u2013 insbesondere im grenz\u00fcberschreitenden E-Commerce und digitalen Dienstleistungen \u2013 liefert das vollst\u00e4ndige Protokoll wichtige Einblicke:<br \/><a href=\"https:\/\/circabc.europa.eu\/ui\/group\/cb1eaff7-eedd-413d-ab88-94f761f9773b\/library\/481717a0-0284-4b08-9588-27f8bce6c060\/details\" target=\"_blank\" rel=\"noopener noreferrer nofollow\">Protokoll der 126. Sitzung lesen<\/a><\/p>\n","protected":false},"excerpt":{"rendered":"<p>Am 5. Mai 2025 ver\u00f6ffentlichte die Europ\u00e4ische Kommission das Protokoll der 126. Sitzung des Mehrwertsteuerausschusses vom 21. M\u00e4rz. Diese Sondersitzung&#8230;<\/p>\n","protected":false},"author":11,"featured_media":38624,"comment_status":"closed","ping_status":"closed","sticky":false,"template":"","format":"standard","meta":{"_acf_changed":false,"content-type":"","inline_featured_image":false,"footnotes":""},"categories":[186],"tags":[],"class_list":["post-52542","post","type-post","status-publish","format-standard","has-post-thumbnail","hentry","category-liveblog-de","country-european-regulations-de"],"acf":[],"yoast_head":"<!-- This site is optimized with the Yoast SEO Premium plugin v27.5 (Yoast SEO v27.5) - https:\/\/yoast.com\/product\/yoast-seo-premium-wordpress\/ -->\n<title>ViDA: EU-MWSt-Ausschuss bespricht Umsetzung<\/title>\n<meta name=\"description\" content=\"EU-MWSt-Ausschuss startet ViDA mit Fokus auf E-Rechnungen und IOSS-Meldungen je Verbrauchsmitgliedstaat zur besseren Datenerfassung.\" \/>\n<meta name=\"robots\" content=\"index, follow, max-snippet:-1, max-image-preview:large, max-video-preview:-1\" \/>\n<link rel=\"canonical\" href=\"https:\/\/www.dynatos.com\/de\/blog\/eu-vat-committee-discusses-next-steps-for-vida-implementation\/\" \/>\n<meta property=\"og:locale\" content=\"de_DE\" \/>\n<meta property=\"og:type\" content=\"article\" \/>\n<meta property=\"og:title\" content=\"ViDA: EU-MWSt-Ausschuss bespricht Umsetzung\" \/>\n<meta property=\"og:description\" content=\"EU-MWSt-Ausschuss startet ViDA mit Fokus auf E-Rechnungen und IOSS-Meldungen je Verbrauchsmitgliedstaat zur besseren Datenerfassung.\" \/>\n<meta property=\"og:url\" content=\"https:\/\/www.dynatos.com\/de\/blog\/eu-vat-committee-discusses-next-steps-for-vida-implementation\/\" \/>\n<meta property=\"og:site_name\" content=\"Dynatos\" \/>\n<meta property=\"article:published_time\" content=\"2025-05-06T10:44:05+00:00\" \/>\n<meta property=\"article:modified_time\" content=\"2025-05-15T16:16:46+00:00\" \/>\n<meta property=\"og:image\" content=\"https:\/\/www.dynatos.com\/wp-content\/uploads\/2024\/06\/Liveblog-Europe.jpg\" \/>\n\t<meta property=\"og:image:width\" content=\"1920\" \/>\n\t<meta property=\"og:image:height\" content=\"1280\" \/>\n\t<meta property=\"og:image:type\" content=\"image\/jpeg\" \/>\n<meta name=\"author\" content=\"Axelle Dutre\" \/>\n<meta name=\"twitter:card\" content=\"summary_large_image\" \/>\n<script type=\"application\/ld+json\" class=\"yoast-schema-graph\">{\"@context\":\"https:\\\/\\\/schema.org\",\"@graph\":[{\"@type\":\"Article\",\"@id\":\"https:\\\/\\\/www.dynatos.com\\\/de\\\/blog\\\/eu-vat-committee-discusses-next-steps-for-vida-implementation\\\/#article\",\"isPartOf\":{\"@id\":\"https:\\\/\\\/www.dynatos.com\\\/de\\\/blog\\\/eu-vat-committee-discusses-next-steps-for-vida-implementation\\\/\"},\"author\":{\"name\":\"Axelle Dutre\",\"@id\":\"https:\\\/\\\/www.dynatos.com\\\/de\\\/#\\\/schema\\\/person\\\/73b56df5939259a518a6f4ce7f238f72\"},\"headline\":\"ViDA: EU-MWSt-Ausschuss bespricht Umsetzung\",\"datePublished\":\"2025-05-06T10:44:05+00:00\",\"dateModified\":\"2025-05-15T16:16:46+00:00\",\"mainEntityOfPage\":{\"@id\":\"https:\\\/\\\/www.dynatos.com\\\/de\\\/blog\\\/eu-vat-committee-discusses-next-steps-for-vida-implementation\\\/\"},\"wordCount\":330,\"image\":{\"@id\":\"https:\\\/\\\/www.dynatos.com\\\/de\\\/blog\\\/eu-vat-committee-discusses-next-steps-for-vida-implementation\\\/#primaryimage\"},\"thumbnailUrl\":\"https:\\\/\\\/www.dynatos.com\\\/wp-content\\\/uploads\\\/2024\\\/06\\\/Liveblog-Europe.jpg\",\"articleSection\":[\"Liveblog\"],\"inLanguage\":\"de\"},{\"@type\":\"WebPage\",\"@id\":\"https:\\\/\\\/www.dynatos.com\\\/de\\\/blog\\\/eu-vat-committee-discusses-next-steps-for-vida-implementation\\\/\",\"url\":\"https:\\\/\\\/www.dynatos.com\\\/de\\\/blog\\\/eu-vat-committee-discusses-next-steps-for-vida-implementation\\\/\",\"name\":\"ViDA: EU-MWSt-Ausschuss bespricht Umsetzung\",\"isPartOf\":{\"@id\":\"https:\\\/\\\/www.dynatos.com\\\/de\\\/#website\"},\"primaryImageOfPage\":{\"@id\":\"https:\\\/\\\/www.dynatos.com\\\/de\\\/blog\\\/eu-vat-committee-discusses-next-steps-for-vida-implementation\\\/#primaryimage\"},\"image\":{\"@id\":\"https:\\\/\\\/www.dynatos.com\\\/de\\\/blog\\\/eu-vat-committee-discusses-next-steps-for-vida-implementation\\\/#primaryimage\"},\"thumbnailUrl\":\"https:\\\/\\\/www.dynatos.com\\\/wp-content\\\/uploads\\\/2024\\\/06\\\/Liveblog-Europe.jpg\",\"datePublished\":\"2025-05-06T10:44:05+00:00\",\"dateModified\":\"2025-05-15T16:16:46+00:00\",\"author\":{\"@id\":\"https:\\\/\\\/www.dynatos.com\\\/de\\\/#\\\/schema\\\/person\\\/73b56df5939259a518a6f4ce7f238f72\"},\"description\":\"EU-MWSt-Ausschuss startet ViDA mit Fokus auf E-Rechnungen und IOSS-Meldungen je Verbrauchsmitgliedstaat zur besseren Datenerfassung.\",\"inLanguage\":\"de\",\"potentialAction\":[{\"@type\":\"ReadAction\",\"target\":[\"https:\\\/\\\/www.dynatos.com\\\/de\\\/blog\\\/eu-vat-committee-discusses-next-steps-for-vida-implementation\\\/\"]}]},{\"@type\":\"ImageObject\",\"inLanguage\":\"de\",\"@id\":\"https:\\\/\\\/www.dynatos.com\\\/de\\\/blog\\\/eu-vat-committee-discusses-next-steps-for-vida-implementation\\\/#primaryimage\",\"url\":\"https:\\\/\\\/www.dynatos.com\\\/wp-content\\\/uploads\\\/2024\\\/06\\\/Liveblog-Europe.jpg\",\"contentUrl\":\"https:\\\/\\\/www.dynatos.com\\\/wp-content\\\/uploads\\\/2024\\\/06\\\/Liveblog-Europe.jpg\",\"width\":1920,\"height\":1280},{\"@type\":\"WebSite\",\"@id\":\"https:\\\/\\\/www.dynatos.com\\\/de\\\/#website\",\"url\":\"https:\\\/\\\/www.dynatos.com\\\/de\\\/\",\"name\":\"Dynatos\",\"description\":\"Intelligent Finance Automation\",\"potentialAction\":[{\"@type\":\"SearchAction\",\"target\":{\"@type\":\"EntryPoint\",\"urlTemplate\":\"https:\\\/\\\/www.dynatos.com\\\/de\\\/?s={search_term_string}\"},\"query-input\":{\"@type\":\"PropertyValueSpecification\",\"valueRequired\":true,\"valueName\":\"search_term_string\"}}],\"inLanguage\":\"de\"},{\"@type\":\"Person\",\"@id\":\"https:\\\/\\\/www.dynatos.com\\\/de\\\/#\\\/schema\\\/person\\\/73b56df5939259a518a6f4ce7f238f72\",\"name\":\"Axelle Dutre\"}]}<\/script>\n<!-- \/ Yoast SEO Premium plugin. -->","yoast_head_json":{"title":"ViDA: EU-MWSt-Ausschuss bespricht Umsetzung","description":"EU-MWSt-Ausschuss startet ViDA mit Fokus auf E-Rechnungen und IOSS-Meldungen je Verbrauchsmitgliedstaat zur besseren Datenerfassung.","robots":{"index":"index","follow":"follow","max-snippet":"max-snippet:-1","max-image-preview":"max-image-preview:large","max-video-preview":"max-video-preview:-1"},"canonical":"https:\/\/www.dynatos.com\/de\/blog\/eu-vat-committee-discusses-next-steps-for-vida-implementation\/","og_locale":"de_DE","og_type":"article","og_title":"ViDA: EU-MWSt-Ausschuss bespricht Umsetzung","og_description":"EU-MWSt-Ausschuss startet ViDA mit Fokus auf E-Rechnungen und IOSS-Meldungen je Verbrauchsmitgliedstaat zur besseren Datenerfassung.","og_url":"https:\/\/www.dynatos.com\/de\/blog\/eu-vat-committee-discusses-next-steps-for-vida-implementation\/","og_site_name":"Dynatos","article_published_time":"2025-05-06T10:44:05+00:00","article_modified_time":"2025-05-15T16:16:46+00:00","og_image":[{"width":1920,"height":1280,"url":"https:\/\/www.dynatos.com\/wp-content\/uploads\/2024\/06\/Liveblog-Europe.jpg","type":"image\/jpeg"}],"author":"Axelle Dutre","twitter_card":"summary_large_image","schema":{"@context":"https:\/\/schema.org","@graph":[{"@type":"Article","@id":"https:\/\/www.dynatos.com\/de\/blog\/eu-vat-committee-discusses-next-steps-for-vida-implementation\/#article","isPartOf":{"@id":"https:\/\/www.dynatos.com\/de\/blog\/eu-vat-committee-discusses-next-steps-for-vida-implementation\/"},"author":{"name":"Axelle Dutre","@id":"https:\/\/www.dynatos.com\/de\/#\/schema\/person\/73b56df5939259a518a6f4ce7f238f72"},"headline":"ViDA: EU-MWSt-Ausschuss bespricht Umsetzung","datePublished":"2025-05-06T10:44:05+00:00","dateModified":"2025-05-15T16:16:46+00:00","mainEntityOfPage":{"@id":"https:\/\/www.dynatos.com\/de\/blog\/eu-vat-committee-discusses-next-steps-for-vida-implementation\/"},"wordCount":330,"image":{"@id":"https:\/\/www.dynatos.com\/de\/blog\/eu-vat-committee-discusses-next-steps-for-vida-implementation\/#primaryimage"},"thumbnailUrl":"https:\/\/www.dynatos.com\/wp-content\/uploads\/2024\/06\/Liveblog-Europe.jpg","articleSection":["Liveblog"],"inLanguage":"de"},{"@type":"WebPage","@id":"https:\/\/www.dynatos.com\/de\/blog\/eu-vat-committee-discusses-next-steps-for-vida-implementation\/","url":"https:\/\/www.dynatos.com\/de\/blog\/eu-vat-committee-discusses-next-steps-for-vida-implementation\/","name":"ViDA: EU-MWSt-Ausschuss bespricht Umsetzung","isPartOf":{"@id":"https:\/\/www.dynatos.com\/de\/#website"},"primaryImageOfPage":{"@id":"https:\/\/www.dynatos.com\/de\/blog\/eu-vat-committee-discusses-next-steps-for-vida-implementation\/#primaryimage"},"image":{"@id":"https:\/\/www.dynatos.com\/de\/blog\/eu-vat-committee-discusses-next-steps-for-vida-implementation\/#primaryimage"},"thumbnailUrl":"https:\/\/www.dynatos.com\/wp-content\/uploads\/2024\/06\/Liveblog-Europe.jpg","datePublished":"2025-05-06T10:44:05+00:00","dateModified":"2025-05-15T16:16:46+00:00","author":{"@id":"https:\/\/www.dynatos.com\/de\/#\/schema\/person\/73b56df5939259a518a6f4ce7f238f72"},"description":"EU-MWSt-Ausschuss startet ViDA mit Fokus auf E-Rechnungen und IOSS-Meldungen je Verbrauchsmitgliedstaat zur besseren Datenerfassung.","inLanguage":"de","potentialAction":[{"@type":"ReadAction","target":["https:\/\/www.dynatos.com\/de\/blog\/eu-vat-committee-discusses-next-steps-for-vida-implementation\/"]}]},{"@type":"ImageObject","inLanguage":"de","@id":"https:\/\/www.dynatos.com\/de\/blog\/eu-vat-committee-discusses-next-steps-for-vida-implementation\/#primaryimage","url":"https:\/\/www.dynatos.com\/wp-content\/uploads\/2024\/06\/Liveblog-Europe.jpg","contentUrl":"https:\/\/www.dynatos.com\/wp-content\/uploads\/2024\/06\/Liveblog-Europe.jpg","width":1920,"height":1280},{"@type":"WebSite","@id":"https:\/\/www.dynatos.com\/de\/#website","url":"https:\/\/www.dynatos.com\/de\/","name":"Dynatos","description":"Intelligent Finance Automation","potentialAction":[{"@type":"SearchAction","target":{"@type":"EntryPoint","urlTemplate":"https:\/\/www.dynatos.com\/de\/?s={search_term_string}"},"query-input":{"@type":"PropertyValueSpecification","valueRequired":true,"valueName":"search_term_string"}}],"inLanguage":"de"},{"@type":"Person","@id":"https:\/\/www.dynatos.com\/de\/#\/schema\/person\/73b56df5939259a518a6f4ce7f238f72","name":"Axelle Dutre"}]}},"_links":{"self":[{"href":"https:\/\/www.dynatos.com\/de\/wp-json\/wp\/v2\/posts\/52542","targetHints":{"allow":["GET"]}}],"collection":[{"href":"https:\/\/www.dynatos.com\/de\/wp-json\/wp\/v2\/posts"}],"about":[{"href":"https:\/\/www.dynatos.com\/de\/wp-json\/wp\/v2\/types\/post"}],"author":[{"embeddable":true,"href":"https:\/\/www.dynatos.com\/de\/wp-json\/wp\/v2\/users\/11"}],"replies":[{"embeddable":true,"href":"https:\/\/www.dynatos.com\/de\/wp-json\/wp\/v2\/comments?post=52542"}],"version-history":[{"count":0,"href":"https:\/\/www.dynatos.com\/de\/wp-json\/wp\/v2\/posts\/52542\/revisions"}],"wp:featuredmedia":[{"embeddable":true,"href":"https:\/\/www.dynatos.com\/de\/wp-json\/wp\/v2\/media\/38624"}],"wp:attachment":[{"href":"https:\/\/www.dynatos.com\/de\/wp-json\/wp\/v2\/media?parent=52542"}],"wp:term":[{"taxonomy":"category","embeddable":true,"href":"https:\/\/www.dynatos.com\/de\/wp-json\/wp\/v2\/categories?post=52542"},{"taxonomy":"post_tag","embeddable":true,"href":"https:\/\/www.dynatos.com\/de\/wp-json\/wp\/v2\/tags?post=52542"}],"curies":[{"name":"wp","href":"https:\/\/api.w.org\/{rel}","templated":true}]}}