{"id":51945,"date":"2025-04-03T11:27:51","date_gmt":"2025-04-03T09:27:51","guid":{"rendered":"https:\/\/www.dynatos.com\/spain-pushes-back-e-invoicing-go-live-date\/"},"modified":"2025-05-07T14:15:59","modified_gmt":"2025-05-07T12:15:59","slug":"spain-pushes-back-e-invoicing-go-live-date","status":"publish","type":"post","link":"https:\/\/www.dynatos.com\/de\/blog\/spain-pushes-back-e-invoicing-go-live-date\/","title":{"rendered":"Spanien verschiebt Startdatum f\u00fcr E-Rechnungen"},"content":{"rendered":"<p><strong>Am 3. April 2025 best\u00e4tigte die spanische Regierung offiziell ein neues Startdatum f\u00fcr den Einsatz konformer Abrechnungssysteme, bekannt als SIF oder Verifactu. Steuerpflichtige, die nicht dem System f\u00fcr Sofortige Informations\u00fcbermittlung (SII) unterliegen, haben nun bis zum 1. Januar 2026 Zeit, die Anforderungen zu erf\u00fcllen.<\/strong><\/p>\n<h2>Wer ist betroffen?<\/h2>\n<p>Die neuen Regeln gelten f\u00fcr alle Steuerpflichtigen au\u00dferhalb des SII-Systems. Ab dem neuen Stichtag m\u00fcssen alle Rechnungen \u2013 ob auf Papier oder elektronisch \u2013 mit Software ausgestellt werden, die den SIF\/Verifactu-Anforderungen entspricht.<\/p>\n<p>F\u00fcr bereits im SII-System erfasste Unternehmen bleibt alles beim Alten. Sie sind weiterhin ausgenommen \u2013 auch dann, wenn sie Selbstrechnungen im Namen von betroffenen Lieferanten erstellen.<\/p>\n<h2>Warum das wichtig ist<\/h2>\n<p>Diese \u00c4nderung ist Teil der umfassenden spanischen Strategie, die B2B-E-Rechnungsanforderungen an EU-Standards anzupassen. Sie ist Teil der Digitalisierungsstrategie Spaniens, die durch mehrere Gesetzes\u00e4nderungen und EU-Mitteilungen voranschreitet. Weitere Infos finden Sie in unseren fr\u00fcheren Beitr\u00e4gen:<\/p>\n<ul>\n<li><a class=\"\" href=\"https:\/\/www.dynatos.com\/de\/blog\/spain-aligns-b2b-e-invoicing-standards-with-eu-equirements\/\" target=\"_new\" rel=\"noopener\">Spanien stimmt B2B-E-Rechnungsstandards auf EU-Vorgaben ab<\/a><\/li>\n<li><a class=\"\" href=\"https:\/\/www.dynatos.com\/de\/blog\/spain-notifies-eu-commission-b2b-e-invoicing-plans\/\" target=\"_new\" rel=\"noopener\">Spanien informiert EU-Kommission \u00fcber B2B-E-Rechnungspl\u00e4ne<\/a><\/li>\n<\/ul>\n<h2>Rechtliche Klarheit<\/h2>\n<p>Das K\u00f6nigliche Dekret best\u00e4tigt au\u00dferdem, dass keine weiteren gesetzlichen \u00c4nderungen am SIF\/Verifactu-Rahmenwerk zu erwarten sind. Das bringt Unternehmen die n\u00f6tige Sicherheit f\u00fcr die Systemvorbereitungen.<\/p>\n","protected":false},"excerpt":{"rendered":"<p>Am 3. April 2025 best\u00e4tigte die spanische Regierung offiziell ein neues Startdatum f\u00fcr den Einsatz konformer Abrechnungssysteme, bekannt als SIF&#8230;<\/p>\n","protected":false},"author":11,"featured_media":38644,"comment_status":"closed","ping_status":"closed","sticky":false,"template":"","format":"standard","meta":{"_acf_changed":false,"content-type":"","inline_featured_image":false,"footnotes":""},"categories":[186],"tags":[],"class_list":["post-51945","post","type-post","status-publish","format-standard","has-post-thumbnail","hentry","category-liveblog-de","country-spain-de"],"acf":[],"yoast_head":"<!-- This site is optimized with the Yoast SEO Premium plugin v27.3 (Yoast SEO v27.3) - https:\/\/yoast.com\/product\/yoast-seo-premium-wordpress\/ -->\n<title>Spanien verschiebt Startdatum f\u00fcr E-Rechnungen - Dynatos<\/title>\n<meta name=\"description\" content=\"Spanien verschiebt die SIF\/Verifactu-E-Rechnungsfrist auf Januar 2026. Unternehmen au\u00dferhalb des SII-Systems erhalten mehr Vorbereitungszeit.\" \/>\n<meta name=\"robots\" content=\"index, follow, max-snippet:-1, max-image-preview:large, max-video-preview:-1\" \/>\n<link rel=\"canonical\" href=\"https:\/\/www.dynatos.com\/de\/blog\/spain-pushes-back-e-invoicing-go-live-date\/\" \/>\n<meta property=\"og:locale\" content=\"de_DE\" \/>\n<meta property=\"og:type\" content=\"article\" \/>\n<meta property=\"og:title\" content=\"Spanien verschiebt Startdatum f\u00fcr E-Rechnungen\" \/>\n<meta property=\"og:description\" content=\"Spanien verschiebt die SIF\/Verifactu-E-Rechnungsfrist auf Januar 2026. Unternehmen au\u00dferhalb des SII-Systems erhalten mehr Vorbereitungszeit.\" \/>\n<meta property=\"og:url\" content=\"https:\/\/www.dynatos.com\/de\/blog\/spain-pushes-back-e-invoicing-go-live-date\/\" \/>\n<meta property=\"og:site_name\" content=\"Dynatos\" \/>\n<meta property=\"article:published_time\" content=\"2025-04-03T09:27:51+00:00\" \/>\n<meta property=\"article:modified_time\" content=\"2025-05-07T12:15:59+00:00\" \/>\n<meta property=\"og:image\" content=\"https:\/\/www.dynatos.com\/wp-content\/uploads\/2024\/06\/Liveblog-Spain.jpg\" \/>\n\t<meta property=\"og:image:width\" content=\"1920\" \/>\n\t<meta property=\"og:image:height\" content=\"867\" \/>\n\t<meta property=\"og:image:type\" content=\"image\/jpeg\" \/>\n<meta name=\"author\" content=\"Axelle Dutre\" \/>\n<meta name=\"twitter:card\" content=\"summary_large_image\" \/>\n<script type=\"application\/ld+json\" class=\"yoast-schema-graph\">{\"@context\":\"https:\\\/\\\/schema.org\",\"@graph\":[{\"@type\":\"Article\",\"@id\":\"https:\\\/\\\/www.dynatos.com\\\/de\\\/blog\\\/spain-pushes-back-e-invoicing-go-live-date\\\/#article\",\"isPartOf\":{\"@id\":\"https:\\\/\\\/www.dynatos.com\\\/de\\\/blog\\\/spain-pushes-back-e-invoicing-go-live-date\\\/\"},\"author\":{\"name\":\"Axelle Dutre\",\"@id\":\"https:\\\/\\\/www.dynatos.com\\\/de\\\/#\\\/schema\\\/person\\\/73b56df5939259a518a6f4ce7f238f72\"},\"headline\":\"Spanien verschiebt Startdatum f\u00fcr E-Rechnungen\",\"datePublished\":\"2025-04-03T09:27:51+00:00\",\"dateModified\":\"2025-05-07T12:15:59+00:00\",\"mainEntityOfPage\":{\"@id\":\"https:\\\/\\\/www.dynatos.com\\\/de\\\/blog\\\/spain-pushes-back-e-invoicing-go-live-date\\\/\"},\"wordCount\":202,\"image\":{\"@id\":\"https:\\\/\\\/www.dynatos.com\\\/de\\\/blog\\\/spain-pushes-back-e-invoicing-go-live-date\\\/#primaryimage\"},\"thumbnailUrl\":\"https:\\\/\\\/www.dynatos.com\\\/wp-content\\\/uploads\\\/2024\\\/06\\\/Liveblog-Spain.jpg\",\"articleSection\":[\"Liveblog\"],\"inLanguage\":\"de\"},{\"@type\":\"WebPage\",\"@id\":\"https:\\\/\\\/www.dynatos.com\\\/de\\\/blog\\\/spain-pushes-back-e-invoicing-go-live-date\\\/\",\"url\":\"https:\\\/\\\/www.dynatos.com\\\/de\\\/blog\\\/spain-pushes-back-e-invoicing-go-live-date\\\/\",\"name\":\"Spanien verschiebt Startdatum f\u00fcr E-Rechnungen - Dynatos\",\"isPartOf\":{\"@id\":\"https:\\\/\\\/www.dynatos.com\\\/de\\\/#website\"},\"primaryImageOfPage\":{\"@id\":\"https:\\\/\\\/www.dynatos.com\\\/de\\\/blog\\\/spain-pushes-back-e-invoicing-go-live-date\\\/#primaryimage\"},\"image\":{\"@id\":\"https:\\\/\\\/www.dynatos.com\\\/de\\\/blog\\\/spain-pushes-back-e-invoicing-go-live-date\\\/#primaryimage\"},\"thumbnailUrl\":\"https:\\\/\\\/www.dynatos.com\\\/wp-content\\\/uploads\\\/2024\\\/06\\\/Liveblog-Spain.jpg\",\"datePublished\":\"2025-04-03T09:27:51+00:00\",\"dateModified\":\"2025-05-07T12:15:59+00:00\",\"author\":{\"@id\":\"https:\\\/\\\/www.dynatos.com\\\/de\\\/#\\\/schema\\\/person\\\/73b56df5939259a518a6f4ce7f238f72\"},\"description\":\"Spanien verschiebt die SIF\\\/Verifactu-E-Rechnungsfrist auf Januar 2026. Unternehmen au\u00dferhalb des SII-Systems erhalten mehr Vorbereitungszeit.\",\"inLanguage\":\"de\",\"potentialAction\":[{\"@type\":\"ReadAction\",\"target\":[\"https:\\\/\\\/www.dynatos.com\\\/de\\\/blog\\\/spain-pushes-back-e-invoicing-go-live-date\\\/\"]}]},{\"@type\":\"ImageObject\",\"inLanguage\":\"de\",\"@id\":\"https:\\\/\\\/www.dynatos.com\\\/de\\\/blog\\\/spain-pushes-back-e-invoicing-go-live-date\\\/#primaryimage\",\"url\":\"https:\\\/\\\/www.dynatos.com\\\/wp-content\\\/uploads\\\/2024\\\/06\\\/Liveblog-Spain.jpg\",\"contentUrl\":\"https:\\\/\\\/www.dynatos.com\\\/wp-content\\\/uploads\\\/2024\\\/06\\\/Liveblog-Spain.jpg\",\"width\":1920,\"height\":867},{\"@type\":\"WebSite\",\"@id\":\"https:\\\/\\\/www.dynatos.com\\\/de\\\/#website\",\"url\":\"https:\\\/\\\/www.dynatos.com\\\/de\\\/\",\"name\":\"Dynatos\",\"description\":\"Intelligent Finance Automation\",\"potentialAction\":[{\"@type\":\"SearchAction\",\"target\":{\"@type\":\"EntryPoint\",\"urlTemplate\":\"https:\\\/\\\/www.dynatos.com\\\/de\\\/?s={search_term_string}\"},\"query-input\":{\"@type\":\"PropertyValueSpecification\",\"valueRequired\":true,\"valueName\":\"search_term_string\"}}],\"inLanguage\":\"de\"},{\"@type\":\"Person\",\"@id\":\"https:\\\/\\\/www.dynatos.com\\\/de\\\/#\\\/schema\\\/person\\\/73b56df5939259a518a6f4ce7f238f72\",\"name\":\"Axelle Dutre\"}]}<\/script>\n<!-- \/ Yoast SEO Premium plugin. -->","yoast_head_json":{"title":"Spanien verschiebt Startdatum f\u00fcr E-Rechnungen - Dynatos","description":"Spanien verschiebt die SIF\/Verifactu-E-Rechnungsfrist auf Januar 2026. Unternehmen au\u00dferhalb des SII-Systems erhalten mehr Vorbereitungszeit.","robots":{"index":"index","follow":"follow","max-snippet":"max-snippet:-1","max-image-preview":"max-image-preview:large","max-video-preview":"max-video-preview:-1"},"canonical":"https:\/\/www.dynatos.com\/de\/blog\/spain-pushes-back-e-invoicing-go-live-date\/","og_locale":"de_DE","og_type":"article","og_title":"Spanien verschiebt Startdatum f\u00fcr E-Rechnungen","og_description":"Spanien verschiebt die SIF\/Verifactu-E-Rechnungsfrist auf Januar 2026. Unternehmen au\u00dferhalb des SII-Systems erhalten mehr Vorbereitungszeit.","og_url":"https:\/\/www.dynatos.com\/de\/blog\/spain-pushes-back-e-invoicing-go-live-date\/","og_site_name":"Dynatos","article_published_time":"2025-04-03T09:27:51+00:00","article_modified_time":"2025-05-07T12:15:59+00:00","og_image":[{"width":1920,"height":867,"url":"https:\/\/www.dynatos.com\/wp-content\/uploads\/2024\/06\/Liveblog-Spain.jpg","type":"image\/jpeg"}],"author":"Axelle Dutre","twitter_card":"summary_large_image","schema":{"@context":"https:\/\/schema.org","@graph":[{"@type":"Article","@id":"https:\/\/www.dynatos.com\/de\/blog\/spain-pushes-back-e-invoicing-go-live-date\/#article","isPartOf":{"@id":"https:\/\/www.dynatos.com\/de\/blog\/spain-pushes-back-e-invoicing-go-live-date\/"},"author":{"name":"Axelle Dutre","@id":"https:\/\/www.dynatos.com\/de\/#\/schema\/person\/73b56df5939259a518a6f4ce7f238f72"},"headline":"Spanien verschiebt Startdatum f\u00fcr E-Rechnungen","datePublished":"2025-04-03T09:27:51+00:00","dateModified":"2025-05-07T12:15:59+00:00","mainEntityOfPage":{"@id":"https:\/\/www.dynatos.com\/de\/blog\/spain-pushes-back-e-invoicing-go-live-date\/"},"wordCount":202,"image":{"@id":"https:\/\/www.dynatos.com\/de\/blog\/spain-pushes-back-e-invoicing-go-live-date\/#primaryimage"},"thumbnailUrl":"https:\/\/www.dynatos.com\/wp-content\/uploads\/2024\/06\/Liveblog-Spain.jpg","articleSection":["Liveblog"],"inLanguage":"de"},{"@type":"WebPage","@id":"https:\/\/www.dynatos.com\/de\/blog\/spain-pushes-back-e-invoicing-go-live-date\/","url":"https:\/\/www.dynatos.com\/de\/blog\/spain-pushes-back-e-invoicing-go-live-date\/","name":"Spanien verschiebt Startdatum f\u00fcr E-Rechnungen - Dynatos","isPartOf":{"@id":"https:\/\/www.dynatos.com\/de\/#website"},"primaryImageOfPage":{"@id":"https:\/\/www.dynatos.com\/de\/blog\/spain-pushes-back-e-invoicing-go-live-date\/#primaryimage"},"image":{"@id":"https:\/\/www.dynatos.com\/de\/blog\/spain-pushes-back-e-invoicing-go-live-date\/#primaryimage"},"thumbnailUrl":"https:\/\/www.dynatos.com\/wp-content\/uploads\/2024\/06\/Liveblog-Spain.jpg","datePublished":"2025-04-03T09:27:51+00:00","dateModified":"2025-05-07T12:15:59+00:00","author":{"@id":"https:\/\/www.dynatos.com\/de\/#\/schema\/person\/73b56df5939259a518a6f4ce7f238f72"},"description":"Spanien verschiebt die SIF\/Verifactu-E-Rechnungsfrist auf Januar 2026. Unternehmen au\u00dferhalb des SII-Systems erhalten mehr Vorbereitungszeit.","inLanguage":"de","potentialAction":[{"@type":"ReadAction","target":["https:\/\/www.dynatos.com\/de\/blog\/spain-pushes-back-e-invoicing-go-live-date\/"]}]},{"@type":"ImageObject","inLanguage":"de","@id":"https:\/\/www.dynatos.com\/de\/blog\/spain-pushes-back-e-invoicing-go-live-date\/#primaryimage","url":"https:\/\/www.dynatos.com\/wp-content\/uploads\/2024\/06\/Liveblog-Spain.jpg","contentUrl":"https:\/\/www.dynatos.com\/wp-content\/uploads\/2024\/06\/Liveblog-Spain.jpg","width":1920,"height":867},{"@type":"WebSite","@id":"https:\/\/www.dynatos.com\/de\/#website","url":"https:\/\/www.dynatos.com\/de\/","name":"Dynatos","description":"Intelligent Finance Automation","potentialAction":[{"@type":"SearchAction","target":{"@type":"EntryPoint","urlTemplate":"https:\/\/www.dynatos.com\/de\/?s={search_term_string}"},"query-input":{"@type":"PropertyValueSpecification","valueRequired":true,"valueName":"search_term_string"}}],"inLanguage":"de"},{"@type":"Person","@id":"https:\/\/www.dynatos.com\/de\/#\/schema\/person\/73b56df5939259a518a6f4ce7f238f72","name":"Axelle Dutre"}]}},"_links":{"self":[{"href":"https:\/\/www.dynatos.com\/de\/wp-json\/wp\/v2\/posts\/51945","targetHints":{"allow":["GET"]}}],"collection":[{"href":"https:\/\/www.dynatos.com\/de\/wp-json\/wp\/v2\/posts"}],"about":[{"href":"https:\/\/www.dynatos.com\/de\/wp-json\/wp\/v2\/types\/post"}],"author":[{"embeddable":true,"href":"https:\/\/www.dynatos.com\/de\/wp-json\/wp\/v2\/users\/11"}],"replies":[{"embeddable":true,"href":"https:\/\/www.dynatos.com\/de\/wp-json\/wp\/v2\/comments?post=51945"}],"version-history":[{"count":0,"href":"https:\/\/www.dynatos.com\/de\/wp-json\/wp\/v2\/posts\/51945\/revisions"}],"wp:featuredmedia":[{"embeddable":true,"href":"https:\/\/www.dynatos.com\/de\/wp-json\/wp\/v2\/media\/38644"}],"wp:attachment":[{"href":"https:\/\/www.dynatos.com\/de\/wp-json\/wp\/v2\/media?parent=51945"}],"wp:term":[{"taxonomy":"category","embeddable":true,"href":"https:\/\/www.dynatos.com\/de\/wp-json\/wp\/v2\/categories?post=51945"},{"taxonomy":"post_tag","embeddable":true,"href":"https:\/\/www.dynatos.com\/de\/wp-json\/wp\/v2\/tags?post=51945"}],"curies":[{"name":"wp","href":"https:\/\/api.w.org\/{rel}","templated":true}]}}