{"id":51906,"date":"2025-03-23T11:04:21","date_gmt":"2025-03-23T10:04:21","guid":{"rendered":"https:\/\/www.dynatos.com\/e-invoicing-in-belgium-who-needs-to-comply-and-who-doesnt\/"},"modified":"2025-05-07T13:32:55","modified_gmt":"2025-05-07T11:32:55","slug":"e-invoicing-in-belgium-who-needs-to-comply-and-who-doesnt","status":"publish","type":"post","link":"https:\/\/www.dynatos.com\/de\/blog\/e-invoicing-in-belgium-who-needs-to-comply-and-who-doesnt\/","title":{"rendered":"E-Rechnung in Belgien: Wer ist betroffen und wer nicht"},"content":{"rendered":"<p><strong>Die belgische Steuerbeh\u00f6rde hat k\u00fcrzlich auf ihrer Website best\u00e4tigt: Ausl\u00e4ndische umsatzsteuerpflichtige Unternehmen ohne feste Niederlassung in Belgien unterliegen nicht der kommenden E-Rechnungsverpflichtung. Die Ausnahme gilt sowohl f\u00fcr das Versenden als auch f\u00fcr den Empfang strukturierter elektronischer Rechnungen.<\/strong><\/p>\n<h2>Klarheit f\u00fcr grenz\u00fcberschreitende Unternehmen<\/h2>\n<p>Diese Kl\u00e4rung ist eine gute Nachricht f\u00fcr ausl\u00e4ndische Firmen, die in Belgien t\u00e4tig sind, jedoch au\u00dferhalb der Landesgrenzen ans\u00e4ssig sind. Sie m\u00fcssen ab Januar 2026 nicht sofort den neuen E-Rechnungsanforderungen entsprechen \u2013 und gewinnen dadurch Zeit f\u00fcr die weitere Planung.<\/p>\n<p>Sie bereiten sich gerade auf die E-Rechnungspflicht vor? Unser fr\u00fcherer Artikel hilft weiter: <a href=\"https:\/\/www.dynatos.com\/blog\/getting-ready-for-the-belgian-b2b-mandate\/\" target=\"_new\" rel=\"noopener\">Vorbereitung auf das belgische B2B-Mandat<\/a>.<\/p>\n<h2>Aber 2028 k\u00f6nnte sich alles \u00e4ndern<\/h2>\n<p>Derzeit ist die Lage klar \u2013 aber nicht dauerhaft. Die belgische Regierung plant eine umfassendere Umstellung auf Echtzeit-Umsatzsteuerberichte ab 2028. Dann k\u00f6nnten auch ausl\u00e4ndische USt-Nummern betroffen sein.<\/p>\n<p>Mehr dazu in unserem Artikel: <a href=\"https:\/\/www.dynatos.com\/blog\/belgium-plans-real-time-vat-reporting-by-2028\/\" target=\"_new\" rel=\"noopener\">Belgien plant Echtzeit-USt-Meldung ab 2028<\/a>.<\/p>\n<h2>Was bedeutet das konkret?<\/h2>\n<p>Derzeit m\u00fcssen nicht in Belgien ans\u00e4ssige USt-pflichtige Unternehmen nichts unternehmen. Es ist aber ratsam, die Entwicklungen weiter zu verfolgen und die eigene Registrierungsstruktur zu \u00fcberpr\u00fcfen, um rechtzeitig vorbereitet zu sein.<\/p>\n","protected":false},"excerpt":{"rendered":"<p>Die belgische Steuerbeh\u00f6rde hat k\u00fcrzlich auf ihrer Website best\u00e4tigt: Ausl\u00e4ndische umsatzsteuerpflichtige Unternehmen ohne feste Niederlassung in Belgien unterliegen nicht der&#8230;<\/p>\n","protected":false},"author":11,"featured_media":39103,"comment_status":"closed","ping_status":"closed","sticky":false,"template":"","format":"standard","meta":{"_acf_changed":false,"content-type":"","inline_featured_image":false,"footnotes":""},"categories":[186],"tags":[],"class_list":["post-51906","post","type-post","status-publish","format-standard","has-post-thumbnail","hentry","category-liveblog-de","country-belgium-de"],"acf":[],"yoast_head":"<!-- This site is optimized with the Yoast SEO Premium plugin v27.3 (Yoast SEO v27.3) - https:\/\/yoast.com\/product\/yoast-seo-premium-wordpress\/ -->\n<title>E-Rechnung in Belgien: Wer ist betroffen, wer nicht? - Dynatos<\/title>\n<meta name=\"description\" content=\"Belgien schlie\u00dft ausl\u00e4ndische USt-Nummern vorerst von der E-Rechnungspflicht aus \u2013 \u00c4nderungen m\u00f6glich mit E-Reporting ab 2028.\" \/>\n<meta name=\"robots\" content=\"index, follow, max-snippet:-1, max-image-preview:large, max-video-preview:-1\" \/>\n<link rel=\"canonical\" href=\"https:\/\/www.dynatos.com\/de\/blog\/e-invoicing-in-belgium-who-needs-to-comply-and-who-doesnt\/\" \/>\n<meta property=\"og:locale\" content=\"de_DE\" \/>\n<meta property=\"og:type\" content=\"article\" \/>\n<meta property=\"og:title\" content=\"E-Rechnung in Belgien: Wer ist betroffen und wer nicht\" \/>\n<meta property=\"og:description\" content=\"Belgien schlie\u00dft ausl\u00e4ndische USt-Nummern vorerst von der E-Rechnungspflicht aus \u2013 \u00c4nderungen m\u00f6glich mit E-Reporting ab 2028.\" \/>\n<meta property=\"og:url\" content=\"https:\/\/www.dynatos.com\/de\/blog\/e-invoicing-in-belgium-who-needs-to-comply-and-who-doesnt\/\" \/>\n<meta property=\"og:site_name\" content=\"Dynatos\" \/>\n<meta property=\"article:published_time\" content=\"2025-03-23T10:04:21+00:00\" \/>\n<meta property=\"article:modified_time\" content=\"2025-05-07T11:32:55+00:00\" \/>\n<meta property=\"og:image\" content=\"https:\/\/www.dynatos.com\/wp-content\/uploads\/2024\/07\/Liveblog-belgium.jpg\" \/>\n\t<meta property=\"og:image:width\" content=\"1920\" \/>\n\t<meta property=\"og:image:height\" content=\"1280\" \/>\n\t<meta property=\"og:image:type\" content=\"image\/jpeg\" \/>\n<meta name=\"author\" content=\"Axelle Dutre\" \/>\n<meta name=\"twitter:card\" content=\"summary_large_image\" \/>\n<script type=\"application\/ld+json\" class=\"yoast-schema-graph\">{\"@context\":\"https:\\\/\\\/schema.org\",\"@graph\":[{\"@type\":\"Article\",\"@id\":\"https:\\\/\\\/www.dynatos.com\\\/de\\\/blog\\\/e-invoicing-in-belgium-who-needs-to-comply-and-who-doesnt\\\/#article\",\"isPartOf\":{\"@id\":\"https:\\\/\\\/www.dynatos.com\\\/de\\\/blog\\\/e-invoicing-in-belgium-who-needs-to-comply-and-who-doesnt\\\/\"},\"author\":{\"name\":\"Axelle Dutre\",\"@id\":\"https:\\\/\\\/www.dynatos.com\\\/de\\\/#\\\/schema\\\/person\\\/73b56df5939259a518a6f4ce7f238f72\"},\"headline\":\"E-Rechnung in Belgien: Wer ist betroffen und wer nicht\",\"datePublished\":\"2025-03-23T10:04:21+00:00\",\"dateModified\":\"2025-05-07T11:32:55+00:00\",\"mainEntityOfPage\":{\"@id\":\"https:\\\/\\\/www.dynatos.com\\\/de\\\/blog\\\/e-invoicing-in-belgium-who-needs-to-comply-and-who-doesnt\\\/\"},\"wordCount\":203,\"image\":{\"@id\":\"https:\\\/\\\/www.dynatos.com\\\/de\\\/blog\\\/e-invoicing-in-belgium-who-needs-to-comply-and-who-doesnt\\\/#primaryimage\"},\"thumbnailUrl\":\"https:\\\/\\\/www.dynatos.com\\\/wp-content\\\/uploads\\\/2024\\\/07\\\/Liveblog-belgium.jpg\",\"articleSection\":[\"Liveblog\"],\"inLanguage\":\"de\"},{\"@type\":\"WebPage\",\"@id\":\"https:\\\/\\\/www.dynatos.com\\\/de\\\/blog\\\/e-invoicing-in-belgium-who-needs-to-comply-and-who-doesnt\\\/\",\"url\":\"https:\\\/\\\/www.dynatos.com\\\/de\\\/blog\\\/e-invoicing-in-belgium-who-needs-to-comply-and-who-doesnt\\\/\",\"name\":\"E-Rechnung in Belgien: Wer ist betroffen, wer nicht? - Dynatos\",\"isPartOf\":{\"@id\":\"https:\\\/\\\/www.dynatos.com\\\/de\\\/#website\"},\"primaryImageOfPage\":{\"@id\":\"https:\\\/\\\/www.dynatos.com\\\/de\\\/blog\\\/e-invoicing-in-belgium-who-needs-to-comply-and-who-doesnt\\\/#primaryimage\"},\"image\":{\"@id\":\"https:\\\/\\\/www.dynatos.com\\\/de\\\/blog\\\/e-invoicing-in-belgium-who-needs-to-comply-and-who-doesnt\\\/#primaryimage\"},\"thumbnailUrl\":\"https:\\\/\\\/www.dynatos.com\\\/wp-content\\\/uploads\\\/2024\\\/07\\\/Liveblog-belgium.jpg\",\"datePublished\":\"2025-03-23T10:04:21+00:00\",\"dateModified\":\"2025-05-07T11:32:55+00:00\",\"author\":{\"@id\":\"https:\\\/\\\/www.dynatos.com\\\/de\\\/#\\\/schema\\\/person\\\/73b56df5939259a518a6f4ce7f238f72\"},\"description\":\"Belgien schlie\u00dft ausl\u00e4ndische USt-Nummern vorerst von der E-Rechnungspflicht aus \u2013 \u00c4nderungen m\u00f6glich mit E-Reporting ab 2028.\",\"inLanguage\":\"de\",\"potentialAction\":[{\"@type\":\"ReadAction\",\"target\":[\"https:\\\/\\\/www.dynatos.com\\\/de\\\/blog\\\/e-invoicing-in-belgium-who-needs-to-comply-and-who-doesnt\\\/\"]}]},{\"@type\":\"ImageObject\",\"inLanguage\":\"de\",\"@id\":\"https:\\\/\\\/www.dynatos.com\\\/de\\\/blog\\\/e-invoicing-in-belgium-who-needs-to-comply-and-who-doesnt\\\/#primaryimage\",\"url\":\"https:\\\/\\\/www.dynatos.com\\\/wp-content\\\/uploads\\\/2024\\\/07\\\/Liveblog-belgium.jpg\",\"contentUrl\":\"https:\\\/\\\/www.dynatos.com\\\/wp-content\\\/uploads\\\/2024\\\/07\\\/Liveblog-belgium.jpg\",\"width\":1920,\"height\":1280,\"caption\":\"Liveblog Belgium\"},{\"@type\":\"WebSite\",\"@id\":\"https:\\\/\\\/www.dynatos.com\\\/de\\\/#website\",\"url\":\"https:\\\/\\\/www.dynatos.com\\\/de\\\/\",\"name\":\"Dynatos\",\"description\":\"Intelligent Finance Automation\",\"potentialAction\":[{\"@type\":\"SearchAction\",\"target\":{\"@type\":\"EntryPoint\",\"urlTemplate\":\"https:\\\/\\\/www.dynatos.com\\\/de\\\/?s={search_term_string}\"},\"query-input\":{\"@type\":\"PropertyValueSpecification\",\"valueRequired\":true,\"valueName\":\"search_term_string\"}}],\"inLanguage\":\"de\"},{\"@type\":\"Person\",\"@id\":\"https:\\\/\\\/www.dynatos.com\\\/de\\\/#\\\/schema\\\/person\\\/73b56df5939259a518a6f4ce7f238f72\",\"name\":\"Axelle Dutre\"}]}<\/script>\n<!-- \/ Yoast SEO Premium plugin. -->","yoast_head_json":{"title":"E-Rechnung in Belgien: Wer ist betroffen, wer nicht? - Dynatos","description":"Belgien schlie\u00dft ausl\u00e4ndische USt-Nummern vorerst von der E-Rechnungspflicht aus \u2013 \u00c4nderungen m\u00f6glich mit E-Reporting ab 2028.","robots":{"index":"index","follow":"follow","max-snippet":"max-snippet:-1","max-image-preview":"max-image-preview:large","max-video-preview":"max-video-preview:-1"},"canonical":"https:\/\/www.dynatos.com\/de\/blog\/e-invoicing-in-belgium-who-needs-to-comply-and-who-doesnt\/","og_locale":"de_DE","og_type":"article","og_title":"E-Rechnung in Belgien: Wer ist betroffen und wer nicht","og_description":"Belgien schlie\u00dft ausl\u00e4ndische USt-Nummern vorerst von der E-Rechnungspflicht aus \u2013 \u00c4nderungen m\u00f6glich mit E-Reporting ab 2028.","og_url":"https:\/\/www.dynatos.com\/de\/blog\/e-invoicing-in-belgium-who-needs-to-comply-and-who-doesnt\/","og_site_name":"Dynatos","article_published_time":"2025-03-23T10:04:21+00:00","article_modified_time":"2025-05-07T11:32:55+00:00","og_image":[{"width":1920,"height":1280,"url":"https:\/\/www.dynatos.com\/wp-content\/uploads\/2024\/07\/Liveblog-belgium.jpg","type":"image\/jpeg"}],"author":"Axelle Dutre","twitter_card":"summary_large_image","schema":{"@context":"https:\/\/schema.org","@graph":[{"@type":"Article","@id":"https:\/\/www.dynatos.com\/de\/blog\/e-invoicing-in-belgium-who-needs-to-comply-and-who-doesnt\/#article","isPartOf":{"@id":"https:\/\/www.dynatos.com\/de\/blog\/e-invoicing-in-belgium-who-needs-to-comply-and-who-doesnt\/"},"author":{"name":"Axelle Dutre","@id":"https:\/\/www.dynatos.com\/de\/#\/schema\/person\/73b56df5939259a518a6f4ce7f238f72"},"headline":"E-Rechnung in Belgien: Wer ist betroffen und wer nicht","datePublished":"2025-03-23T10:04:21+00:00","dateModified":"2025-05-07T11:32:55+00:00","mainEntityOfPage":{"@id":"https:\/\/www.dynatos.com\/de\/blog\/e-invoicing-in-belgium-who-needs-to-comply-and-who-doesnt\/"},"wordCount":203,"image":{"@id":"https:\/\/www.dynatos.com\/de\/blog\/e-invoicing-in-belgium-who-needs-to-comply-and-who-doesnt\/#primaryimage"},"thumbnailUrl":"https:\/\/www.dynatos.com\/wp-content\/uploads\/2024\/07\/Liveblog-belgium.jpg","articleSection":["Liveblog"],"inLanguage":"de"},{"@type":"WebPage","@id":"https:\/\/www.dynatos.com\/de\/blog\/e-invoicing-in-belgium-who-needs-to-comply-and-who-doesnt\/","url":"https:\/\/www.dynatos.com\/de\/blog\/e-invoicing-in-belgium-who-needs-to-comply-and-who-doesnt\/","name":"E-Rechnung in Belgien: Wer ist betroffen, wer nicht? - Dynatos","isPartOf":{"@id":"https:\/\/www.dynatos.com\/de\/#website"},"primaryImageOfPage":{"@id":"https:\/\/www.dynatos.com\/de\/blog\/e-invoicing-in-belgium-who-needs-to-comply-and-who-doesnt\/#primaryimage"},"image":{"@id":"https:\/\/www.dynatos.com\/de\/blog\/e-invoicing-in-belgium-who-needs-to-comply-and-who-doesnt\/#primaryimage"},"thumbnailUrl":"https:\/\/www.dynatos.com\/wp-content\/uploads\/2024\/07\/Liveblog-belgium.jpg","datePublished":"2025-03-23T10:04:21+00:00","dateModified":"2025-05-07T11:32:55+00:00","author":{"@id":"https:\/\/www.dynatos.com\/de\/#\/schema\/person\/73b56df5939259a518a6f4ce7f238f72"},"description":"Belgien schlie\u00dft ausl\u00e4ndische USt-Nummern vorerst von der E-Rechnungspflicht aus \u2013 \u00c4nderungen m\u00f6glich mit E-Reporting ab 2028.","inLanguage":"de","potentialAction":[{"@type":"ReadAction","target":["https:\/\/www.dynatos.com\/de\/blog\/e-invoicing-in-belgium-who-needs-to-comply-and-who-doesnt\/"]}]},{"@type":"ImageObject","inLanguage":"de","@id":"https:\/\/www.dynatos.com\/de\/blog\/e-invoicing-in-belgium-who-needs-to-comply-and-who-doesnt\/#primaryimage","url":"https:\/\/www.dynatos.com\/wp-content\/uploads\/2024\/07\/Liveblog-belgium.jpg","contentUrl":"https:\/\/www.dynatos.com\/wp-content\/uploads\/2024\/07\/Liveblog-belgium.jpg","width":1920,"height":1280,"caption":"Liveblog Belgium"},{"@type":"WebSite","@id":"https:\/\/www.dynatos.com\/de\/#website","url":"https:\/\/www.dynatos.com\/de\/","name":"Dynatos","description":"Intelligent Finance Automation","potentialAction":[{"@type":"SearchAction","target":{"@type":"EntryPoint","urlTemplate":"https:\/\/www.dynatos.com\/de\/?s={search_term_string}"},"query-input":{"@type":"PropertyValueSpecification","valueRequired":true,"valueName":"search_term_string"}}],"inLanguage":"de"},{"@type":"Person","@id":"https:\/\/www.dynatos.com\/de\/#\/schema\/person\/73b56df5939259a518a6f4ce7f238f72","name":"Axelle Dutre"}]}},"_links":{"self":[{"href":"https:\/\/www.dynatos.com\/de\/wp-json\/wp\/v2\/posts\/51906","targetHints":{"allow":["GET"]}}],"collection":[{"href":"https:\/\/www.dynatos.com\/de\/wp-json\/wp\/v2\/posts"}],"about":[{"href":"https:\/\/www.dynatos.com\/de\/wp-json\/wp\/v2\/types\/post"}],"author":[{"embeddable":true,"href":"https:\/\/www.dynatos.com\/de\/wp-json\/wp\/v2\/users\/11"}],"replies":[{"embeddable":true,"href":"https:\/\/www.dynatos.com\/de\/wp-json\/wp\/v2\/comments?post=51906"}],"version-history":[{"count":0,"href":"https:\/\/www.dynatos.com\/de\/wp-json\/wp\/v2\/posts\/51906\/revisions"}],"wp:featuredmedia":[{"embeddable":true,"href":"https:\/\/www.dynatos.com\/de\/wp-json\/wp\/v2\/media\/39103"}],"wp:attachment":[{"href":"https:\/\/www.dynatos.com\/de\/wp-json\/wp\/v2\/media?parent=51906"}],"wp:term":[{"taxonomy":"category","embeddable":true,"href":"https:\/\/www.dynatos.com\/de\/wp-json\/wp\/v2\/categories?post=51906"},{"taxonomy":"post_tag","embeddable":true,"href":"https:\/\/www.dynatos.com\/de\/wp-json\/wp\/v2\/tags?post=51906"}],"curies":[{"name":"wp","href":"https:\/\/api.w.org\/{rel}","templated":true}]}}