{"id":45773,"date":"2024-07-25T14:27:15","date_gmt":"2024-07-25T12:27:15","guid":{"rendered":"https:\/\/www.dynatos.com\/getting-ready-for-the-belgian-b2b-mandate\/"},"modified":"2024-12-18T15:23:31","modified_gmt":"2024-12-18T14:23:31","slug":"getting-ready-for-the-belgian-b2b-mandate","status":"publish","type":"post","link":"https:\/\/www.dynatos.com\/de\/blog\/getting-ready-for-the-belgian-b2b-mandate\/","title":{"rendered":"Bereiten Sie sich auf das belgische B2B-Mandat vor?"},"content":{"rendered":"<p>&#8222;<strong>Der Belgische F\u00f6derale \u00d6ffentliche Dienst Finanzen hat einige erste Leitlinien ver\u00f6ffentlicht, um auf das B2B-E-Rechnungsmandat vorzubereiten, das am 1. Januar 2026 in Kraft treten wird.<\/strong><\/p>\n<p>Die neu ver\u00f6ffentlichte Anleitung, die als FAQ pr\u00e4sentiert wird, beantwortet wichtige Fragen zum bevorstehenden E-Rechnungsmandat in Belgien. Sie behandelt die Definition einer strukturierten elektronischen Rechnung, die erforderlichen Formate, die Prozesse f\u00fcr das Senden und Empfangen dieser Rechnungen sowie Informationen zu ausgeschlossenen Transaktionen. Die Anleitung ist in Niederl\u00e4ndisch und Franz\u00f6sisch verf\u00fcgbar und soll Unternehmen helfen, sich auf die neuen Anforderungen vorzubereiten.<\/p>\n<p>Diese Fragen reichen von den Grundlagen (&#8218;Was ist eine elektronische Rechnung?&#8216;) bis hin zu technischeren Fragen (&#8218;Was ist die &#8222;Authentizit\u00e4t des Ursprungs&#8220; der Rechnung?&#8216;).<\/p>\n<p>Bitte besuchen Sie die <a target=\"_blank\" rel=\"nofollow noopener\">Website<\/a> f\u00fcr weitere Leitlinien.&#8220;<\/p>\n","protected":false},"excerpt":{"rendered":"<p>&#8222;Der Belgische F\u00f6derale \u00d6ffentliche Dienst Finanzen hat einige erste Leitlinien ver\u00f6ffentlicht, um auf das B2B-E-Rechnungsmandat vorzubereiten, das am 1. Januar&#8230;<\/p>\n","protected":false},"author":6,"featured_media":39103,"comment_status":"closed","ping_status":"closed","sticky":false,"template":"","format":"standard","meta":{"_acf_changed":false,"content-type":"","inline_featured_image":false,"footnotes":""},"categories":[186],"tags":[],"class_list":["post-45773","post","type-post","status-publish","format-standard","has-post-thumbnail","hentry","category-liveblog-de","country-belgium-de"],"acf":[],"yoast_head":"<!-- This site is optimized with the Yoast SEO Premium plugin v27.3 (Yoast SEO v27.3) - https:\/\/yoast.com\/product\/yoast-seo-premium-wordpress\/ -->\n<title>Bereiten Sie sich auf das belgische B2B-Mandat vor? - Dynatos<\/title>\n<meta name=\"description\" content=\"Im Vorfeld des B2B-E-Rechnungsmandats, das am 1. Januar 2026 in Kraft treten wird, hat der Belgische F\u00f6derale \u00d6ffentliche Dienst Finanzen einige erste Leitlinien ver\u00f6ffentlicht.\" \/>\n<meta name=\"robots\" content=\"index, follow, max-snippet:-1, max-image-preview:large, max-video-preview:-1\" \/>\n<link rel=\"canonical\" href=\"https:\/\/www.dynatos.com\/de\/blog\/getting-ready-for-the-belgian-b2b-mandate\/\" \/>\n<meta property=\"og:locale\" content=\"de_DE\" \/>\n<meta property=\"og:type\" content=\"article\" \/>\n<meta property=\"og:title\" content=\"Bereiten Sie sich auf das belgische B2B-Mandat vor?\" \/>\n<meta property=\"og:description\" content=\"Im Vorfeld des B2B-E-Rechnungsmandats, das am 1. Januar 2026 in Kraft treten wird, hat der Belgische F\u00f6derale \u00d6ffentliche Dienst Finanzen einige erste Leitlinien ver\u00f6ffentlicht.\" \/>\n<meta property=\"og:url\" content=\"https:\/\/www.dynatos.com\/de\/blog\/getting-ready-for-the-belgian-b2b-mandate\/\" \/>\n<meta property=\"og:site_name\" content=\"Dynatos\" \/>\n<meta property=\"article:published_time\" content=\"2024-07-25T12:27:15+00:00\" \/>\n<meta property=\"article:modified_time\" content=\"2024-12-18T14:23:31+00:00\" \/>\n<meta property=\"og:image\" content=\"https:\/\/www.dynatos.com\/wp-content\/uploads\/2024\/07\/Liveblog-belgium.jpg\" \/>\n\t<meta property=\"og:image:width\" content=\"1920\" \/>\n\t<meta property=\"og:image:height\" content=\"1280\" \/>\n\t<meta property=\"og:image:type\" content=\"image\/jpeg\" \/>\n<meta name=\"author\" content=\"marleen\" \/>\n<meta name=\"twitter:card\" content=\"summary_large_image\" \/>\n<script type=\"application\/ld+json\" class=\"yoast-schema-graph\">{\"@context\":\"https:\\\/\\\/schema.org\",\"@graph\":[{\"@type\":\"Article\",\"@id\":\"https:\\\/\\\/www.dynatos.com\\\/de\\\/blog\\\/getting-ready-for-the-belgian-b2b-mandate\\\/#article\",\"isPartOf\":{\"@id\":\"https:\\\/\\\/www.dynatos.com\\\/de\\\/blog\\\/getting-ready-for-the-belgian-b2b-mandate\\\/\"},\"author\":{\"name\":\"marleen\",\"@id\":\"https:\\\/\\\/www.dynatos.com\\\/de\\\/#\\\/schema\\\/person\\\/674330fb5dcc0679e184a0cdfbfbee7e\"},\"headline\":\"Bereiten Sie sich auf das belgische B2B-Mandat vor?\",\"datePublished\":\"2024-07-25T12:27:15+00:00\",\"dateModified\":\"2024-12-18T14:23:31+00:00\",\"mainEntityOfPage\":{\"@id\":\"https:\\\/\\\/www.dynatos.com\\\/de\\\/blog\\\/getting-ready-for-the-belgian-b2b-mandate\\\/\"},\"wordCount\":135,\"image\":{\"@id\":\"https:\\\/\\\/www.dynatos.com\\\/de\\\/blog\\\/getting-ready-for-the-belgian-b2b-mandate\\\/#primaryimage\"},\"thumbnailUrl\":\"https:\\\/\\\/www.dynatos.com\\\/wp-content\\\/uploads\\\/2024\\\/07\\\/Liveblog-belgium.jpg\",\"articleSection\":[\"Liveblog\"],\"inLanguage\":\"de\"},{\"@type\":\"WebPage\",\"@id\":\"https:\\\/\\\/www.dynatos.com\\\/de\\\/blog\\\/getting-ready-for-the-belgian-b2b-mandate\\\/\",\"url\":\"https:\\\/\\\/www.dynatos.com\\\/de\\\/blog\\\/getting-ready-for-the-belgian-b2b-mandate\\\/\",\"name\":\"Bereiten Sie sich auf das belgische B2B-Mandat vor? - Dynatos\",\"isPartOf\":{\"@id\":\"https:\\\/\\\/www.dynatos.com\\\/de\\\/#website\"},\"primaryImageOfPage\":{\"@id\":\"https:\\\/\\\/www.dynatos.com\\\/de\\\/blog\\\/getting-ready-for-the-belgian-b2b-mandate\\\/#primaryimage\"},\"image\":{\"@id\":\"https:\\\/\\\/www.dynatos.com\\\/de\\\/blog\\\/getting-ready-for-the-belgian-b2b-mandate\\\/#primaryimage\"},\"thumbnailUrl\":\"https:\\\/\\\/www.dynatos.com\\\/wp-content\\\/uploads\\\/2024\\\/07\\\/Liveblog-belgium.jpg\",\"datePublished\":\"2024-07-25T12:27:15+00:00\",\"dateModified\":\"2024-12-18T14:23:31+00:00\",\"author\":{\"@id\":\"https:\\\/\\\/www.dynatos.com\\\/de\\\/#\\\/schema\\\/person\\\/674330fb5dcc0679e184a0cdfbfbee7e\"},\"description\":\"Im Vorfeld des B2B-E-Rechnungsmandats, das am 1. Januar 2026 in Kraft treten wird, hat der Belgische F\u00f6derale \u00d6ffentliche Dienst Finanzen einige erste Leitlinien ver\u00f6ffentlicht.\",\"inLanguage\":\"de\",\"potentialAction\":[{\"@type\":\"ReadAction\",\"target\":[\"https:\\\/\\\/www.dynatos.com\\\/de\\\/blog\\\/getting-ready-for-the-belgian-b2b-mandate\\\/\"]}]},{\"@type\":\"ImageObject\",\"inLanguage\":\"de\",\"@id\":\"https:\\\/\\\/www.dynatos.com\\\/de\\\/blog\\\/getting-ready-for-the-belgian-b2b-mandate\\\/#primaryimage\",\"url\":\"https:\\\/\\\/www.dynatos.com\\\/wp-content\\\/uploads\\\/2024\\\/07\\\/Liveblog-belgium.jpg\",\"contentUrl\":\"https:\\\/\\\/www.dynatos.com\\\/wp-content\\\/uploads\\\/2024\\\/07\\\/Liveblog-belgium.jpg\",\"width\":1920,\"height\":1280,\"caption\":\"Liveblog Belgium\"},{\"@type\":\"WebSite\",\"@id\":\"https:\\\/\\\/www.dynatos.com\\\/de\\\/#website\",\"url\":\"https:\\\/\\\/www.dynatos.com\\\/de\\\/\",\"name\":\"Dynatos\",\"description\":\"Intelligent Finance Automation\",\"potentialAction\":[{\"@type\":\"SearchAction\",\"target\":{\"@type\":\"EntryPoint\",\"urlTemplate\":\"https:\\\/\\\/www.dynatos.com\\\/de\\\/?s={search_term_string}\"},\"query-input\":{\"@type\":\"PropertyValueSpecification\",\"valueRequired\":true,\"valueName\":\"search_term_string\"}}],\"inLanguage\":\"de\"},{\"@type\":\"Person\",\"@id\":\"https:\\\/\\\/www.dynatos.com\\\/de\\\/#\\\/schema\\\/person\\\/674330fb5dcc0679e184a0cdfbfbee7e\",\"name\":\"marleen\"}]}<\/script>\n<!-- \/ Yoast SEO Premium plugin. -->","yoast_head_json":{"title":"Bereiten Sie sich auf das belgische B2B-Mandat vor? - Dynatos","description":"Im Vorfeld des B2B-E-Rechnungsmandats, das am 1. Januar 2026 in Kraft treten wird, hat der Belgische F\u00f6derale \u00d6ffentliche Dienst Finanzen einige erste Leitlinien ver\u00f6ffentlicht.","robots":{"index":"index","follow":"follow","max-snippet":"max-snippet:-1","max-image-preview":"max-image-preview:large","max-video-preview":"max-video-preview:-1"},"canonical":"https:\/\/www.dynatos.com\/de\/blog\/getting-ready-for-the-belgian-b2b-mandate\/","og_locale":"de_DE","og_type":"article","og_title":"Bereiten Sie sich auf das belgische B2B-Mandat vor?","og_description":"Im Vorfeld des B2B-E-Rechnungsmandats, das am 1. Januar 2026 in Kraft treten wird, hat der Belgische F\u00f6derale \u00d6ffentliche Dienst Finanzen einige erste Leitlinien ver\u00f6ffentlicht.","og_url":"https:\/\/www.dynatos.com\/de\/blog\/getting-ready-for-the-belgian-b2b-mandate\/","og_site_name":"Dynatos","article_published_time":"2024-07-25T12:27:15+00:00","article_modified_time":"2024-12-18T14:23:31+00:00","og_image":[{"width":1920,"height":1280,"url":"https:\/\/www.dynatos.com\/wp-content\/uploads\/2024\/07\/Liveblog-belgium.jpg","type":"image\/jpeg"}],"author":"marleen","twitter_card":"summary_large_image","schema":{"@context":"https:\/\/schema.org","@graph":[{"@type":"Article","@id":"https:\/\/www.dynatos.com\/de\/blog\/getting-ready-for-the-belgian-b2b-mandate\/#article","isPartOf":{"@id":"https:\/\/www.dynatos.com\/de\/blog\/getting-ready-for-the-belgian-b2b-mandate\/"},"author":{"name":"marleen","@id":"https:\/\/www.dynatos.com\/de\/#\/schema\/person\/674330fb5dcc0679e184a0cdfbfbee7e"},"headline":"Bereiten Sie sich auf das belgische B2B-Mandat vor?","datePublished":"2024-07-25T12:27:15+00:00","dateModified":"2024-12-18T14:23:31+00:00","mainEntityOfPage":{"@id":"https:\/\/www.dynatos.com\/de\/blog\/getting-ready-for-the-belgian-b2b-mandate\/"},"wordCount":135,"image":{"@id":"https:\/\/www.dynatos.com\/de\/blog\/getting-ready-for-the-belgian-b2b-mandate\/#primaryimage"},"thumbnailUrl":"https:\/\/www.dynatos.com\/wp-content\/uploads\/2024\/07\/Liveblog-belgium.jpg","articleSection":["Liveblog"],"inLanguage":"de"},{"@type":"WebPage","@id":"https:\/\/www.dynatos.com\/de\/blog\/getting-ready-for-the-belgian-b2b-mandate\/","url":"https:\/\/www.dynatos.com\/de\/blog\/getting-ready-for-the-belgian-b2b-mandate\/","name":"Bereiten Sie sich auf das belgische B2B-Mandat vor? - Dynatos","isPartOf":{"@id":"https:\/\/www.dynatos.com\/de\/#website"},"primaryImageOfPage":{"@id":"https:\/\/www.dynatos.com\/de\/blog\/getting-ready-for-the-belgian-b2b-mandate\/#primaryimage"},"image":{"@id":"https:\/\/www.dynatos.com\/de\/blog\/getting-ready-for-the-belgian-b2b-mandate\/#primaryimage"},"thumbnailUrl":"https:\/\/www.dynatos.com\/wp-content\/uploads\/2024\/07\/Liveblog-belgium.jpg","datePublished":"2024-07-25T12:27:15+00:00","dateModified":"2024-12-18T14:23:31+00:00","author":{"@id":"https:\/\/www.dynatos.com\/de\/#\/schema\/person\/674330fb5dcc0679e184a0cdfbfbee7e"},"description":"Im Vorfeld des B2B-E-Rechnungsmandats, das am 1. Januar 2026 in Kraft treten wird, hat der Belgische F\u00f6derale \u00d6ffentliche Dienst Finanzen einige erste Leitlinien ver\u00f6ffentlicht.","inLanguage":"de","potentialAction":[{"@type":"ReadAction","target":["https:\/\/www.dynatos.com\/de\/blog\/getting-ready-for-the-belgian-b2b-mandate\/"]}]},{"@type":"ImageObject","inLanguage":"de","@id":"https:\/\/www.dynatos.com\/de\/blog\/getting-ready-for-the-belgian-b2b-mandate\/#primaryimage","url":"https:\/\/www.dynatos.com\/wp-content\/uploads\/2024\/07\/Liveblog-belgium.jpg","contentUrl":"https:\/\/www.dynatos.com\/wp-content\/uploads\/2024\/07\/Liveblog-belgium.jpg","width":1920,"height":1280,"caption":"Liveblog Belgium"},{"@type":"WebSite","@id":"https:\/\/www.dynatos.com\/de\/#website","url":"https:\/\/www.dynatos.com\/de\/","name":"Dynatos","description":"Intelligent Finance Automation","potentialAction":[{"@type":"SearchAction","target":{"@type":"EntryPoint","urlTemplate":"https:\/\/www.dynatos.com\/de\/?s={search_term_string}"},"query-input":{"@type":"PropertyValueSpecification","valueRequired":true,"valueName":"search_term_string"}}],"inLanguage":"de"},{"@type":"Person","@id":"https:\/\/www.dynatos.com\/de\/#\/schema\/person\/674330fb5dcc0679e184a0cdfbfbee7e","name":"marleen"}]}},"_links":{"self":[{"href":"https:\/\/www.dynatos.com\/de\/wp-json\/wp\/v2\/posts\/45773","targetHints":{"allow":["GET"]}}],"collection":[{"href":"https:\/\/www.dynatos.com\/de\/wp-json\/wp\/v2\/posts"}],"about":[{"href":"https:\/\/www.dynatos.com\/de\/wp-json\/wp\/v2\/types\/post"}],"author":[{"embeddable":true,"href":"https:\/\/www.dynatos.com\/de\/wp-json\/wp\/v2\/users\/6"}],"replies":[{"embeddable":true,"href":"https:\/\/www.dynatos.com\/de\/wp-json\/wp\/v2\/comments?post=45773"}],"version-history":[{"count":0,"href":"https:\/\/www.dynatos.com\/de\/wp-json\/wp\/v2\/posts\/45773\/revisions"}],"wp:featuredmedia":[{"embeddable":true,"href":"https:\/\/www.dynatos.com\/de\/wp-json\/wp\/v2\/media\/39103"}],"wp:attachment":[{"href":"https:\/\/www.dynatos.com\/de\/wp-json\/wp\/v2\/media?parent=45773"}],"wp:term":[{"taxonomy":"category","embeddable":true,"href":"https:\/\/www.dynatos.com\/de\/wp-json\/wp\/v2\/categories?post=45773"},{"taxonomy":"post_tag","embeddable":true,"href":"https:\/\/www.dynatos.com\/de\/wp-json\/wp\/v2\/tags?post=45773"}],"curies":[{"name":"wp","href":"https:\/\/api.w.org\/{rel}","templated":true}]}}