{"id":44275,"date":"2024-06-26T09:00:10","date_gmt":"2024-06-26T07:00:10","guid":{"rendered":"https:\/\/www.dynatos.com\/estonia-blocks-vida-proposal-again\/"},"modified":"2025-10-28T09:56:08","modified_gmt":"2025-10-28T08:56:08","slug":"estonia-blocks-vida-proposal-again","status":"publish","type":"post","link":"https:\/\/www.dynatos.com\/de\/blog\/estonia-blocks-vida-proposal-again\/","title":{"rendered":"Estland blockiert den ViDA-Vorschlag erneut beim ECOFIN-Treffen im Juni"},"content":{"rendered":"<section class=\"l-section wpb_row height_medium\"><div class=\"l-section-h i-cf\"><div class=\"g-cols vc_row via_flex valign_top type_default stacking_default\"><div class=\"vc_col-sm-12 wpb_column vc_column_container\"><div class=\"vc_column-inner\"><div class=\"wpb_wrapper\"><div class=\"wpb_text_column list-check-secondary-base\"><div class=\"wpb_wrapper\"><p><strong>Am 21. Juni 2024 endete das ECOFIN-Treffen ohne eine Einigung \u00fcber die Initiative zur Mehrwertsteuer im digitalen Zeitalter (ViDA), erneut blockiert von Estland. Estlands Opposition gegen das als Lieferanten geltende Regime behinderte den Fortschritt bei verwandten Vorschl\u00e4gen, einschlie\u00dflich der digitalen Meldepflichten und der einheitlichen EU-Mehrwertsteuerregistrierung.<\/strong><\/p>\n<h2>Bedenken Estlands<\/h2>\n<p>Estland argumentiert, dass das als Lieferanten geltende Regime KMU unterhalb der Mehrwertsteuerschwelle unangemessene finanzielle Belastungen auferlegt, den Wettbewerb verzerrt und kleine Unternehmen in die informelle Wirtschaft dr\u00e4ngt, was die Steuerkonformit\u00e4t und Transparenz untergr\u00e4bt.<\/p>\n<h2>Vorgeschlagener Kompromiss<\/h2>\n<p>Estland schlug ein freiwilliges als Lieferanten geltendes Regime vor, aber dieser Kompromiss wurde nicht akzeptiert. Mehrere Mitgliedstaaten bevorzugten den aktuellen Rahmen und betonten die anhaltenden Herausforderungen bei der Erreichung eines Konsenses.<\/p>\n<h2>Zuk\u00fcnftige Auswirkungen<\/h2>\n<p>Der ViDA-Vorschlag geht nun zur weiteren Verhandlung an die ungarische Pr\u00e4sidentschaft. Dieser \u00dcbergang folgt dem rotierenden Pr\u00e4sidentschaftssystem der EU, wobei Ungarn die Diskussionen von Belgien \u00fcbernimmt, um weiterhin L\u00f6sungen zu suchen. Wichtige Erkenntnisse:<\/p>\n<ul>\n<li><strong>Estlands Standpunkt:<\/strong> Anhaltende Opposition gegen die Regeln des als Lieferanten geltenden Regimes zum Schutz von KMU.<\/li>\n<li><strong>DAC7-Richtlinie:<\/strong> Bedeutung der Steuerinformationen.<\/li>\n<li><strong>Fortlaufende Verhandlungen:<\/strong> Der Vorschlag geht zur ungarischen Pr\u00e4sidentschaft.<\/li>\n<\/ul>\n<\/div><\/div><\/div><\/div><\/div><\/div><\/div><\/section>\n","protected":false},"excerpt":{"rendered":"Am 21. Juni 2024 endete das ECOFIN-Treffen ohne eine Einigung \u00fcber die Initiative zur Mehrwertsteuer im digitalen Zeitalter (ViDA), erneut...","protected":false},"author":6,"featured_media":38624,"comment_status":"closed","ping_status":"closed","sticky":false,"template":"","format":"standard","meta":{"_acf_changed":false,"content-type":"","inline_featured_image":false,"footnotes":""},"categories":[186],"tags":[],"class_list":["post-44275","post","type-post","status-publish","format-standard","has-post-thumbnail","hentry","category-liveblog-de","country-european-regulations-de"],"acf":[],"yoast_head":"<!-- This site is optimized with the Yoast SEO Premium plugin v27.3 (Yoast SEO v27.3) - https:\/\/yoast.com\/product\/yoast-seo-premium-wordpress\/ -->\n<title>ViDA-Initiative von Estland wegen MwSt gestoppt - Dynatos<\/title>\n<meta name=\"description\" content=\"Estland blockiert das EU-ViDA-Projekt wegen der \u201eDeemed Supplier\u201c-Regelung f\u00fcr KMU. Verhandlungen laufen unter ungarischer Pr\u00e4sidentschaft.\" \/>\n<meta name=\"robots\" content=\"index, follow, max-snippet:-1, max-image-preview:large, max-video-preview:-1\" \/>\n<link rel=\"canonical\" href=\"https:\/\/www.dynatos.com\/de\/blog\/estonia-blocks-vida-proposal-again\/\" \/>\n<meta property=\"og:locale\" content=\"de_DE\" \/>\n<meta property=\"og:type\" content=\"article\" \/>\n<meta property=\"og:title\" content=\"Estland blockiert den ViDA-Vorschlag erneut beim ECOFIN-Treffen im Juni\" \/>\n<meta property=\"og:description\" content=\"Estland blockiert das EU-ViDA-Projekt wegen der \u201eDeemed Supplier\u201c-Regelung f\u00fcr KMU. Verhandlungen laufen unter ungarischer Pr\u00e4sidentschaft.\" \/>\n<meta property=\"og:url\" content=\"https:\/\/www.dynatos.com\/de\/blog\/estonia-blocks-vida-proposal-again\/\" \/>\n<meta property=\"og:site_name\" content=\"Dynatos\" \/>\n<meta property=\"article:published_time\" content=\"2024-06-26T07:00:10+00:00\" \/>\n<meta property=\"article:modified_time\" content=\"2025-10-28T08:56:08+00:00\" \/>\n<meta property=\"og:image\" content=\"https:\/\/www.dynatos.com\/wp-content\/uploads\/2024\/06\/Liveblog-Europe.jpg\" \/>\n\t<meta property=\"og:image:width\" content=\"1920\" \/>\n\t<meta property=\"og:image:height\" content=\"1280\" \/>\n\t<meta property=\"og:image:type\" content=\"image\/jpeg\" \/>\n<meta name=\"author\" content=\"marleen\" \/>\n<meta name=\"twitter:card\" content=\"summary_large_image\" \/>\n<script type=\"application\/ld+json\" class=\"yoast-schema-graph\">{\"@context\":\"https:\\\/\\\/schema.org\",\"@graph\":[{\"@type\":\"Article\",\"@id\":\"https:\\\/\\\/www.dynatos.com\\\/de\\\/blog\\\/estonia-blocks-vida-proposal-again\\\/#article\",\"isPartOf\":{\"@id\":\"https:\\\/\\\/www.dynatos.com\\\/de\\\/blog\\\/estonia-blocks-vida-proposal-again\\\/\"},\"author\":{\"name\":\"marleen\",\"@id\":\"https:\\\/\\\/www.dynatos.com\\\/de\\\/#\\\/schema\\\/person\\\/674330fb5dcc0679e184a0cdfbfbee7e\"},\"headline\":\"Estland blockiert den ViDA-Vorschlag erneut beim ECOFIN-Treffen im Juni\",\"datePublished\":\"2024-06-26T07:00:10+00:00\",\"dateModified\":\"2025-10-28T08:56:08+00:00\",\"mainEntityOfPage\":{\"@id\":\"https:\\\/\\\/www.dynatos.com\\\/de\\\/blog\\\/estonia-blocks-vida-proposal-again\\\/\"},\"wordCount\":211,\"image\":{\"@id\":\"https:\\\/\\\/www.dynatos.com\\\/de\\\/blog\\\/estonia-blocks-vida-proposal-again\\\/#primaryimage\"},\"thumbnailUrl\":\"https:\\\/\\\/www.dynatos.com\\\/wp-content\\\/uploads\\\/2024\\\/06\\\/Liveblog-Europe.jpg\",\"articleSection\":[\"Liveblog\"],\"inLanguage\":\"de\"},{\"@type\":\"WebPage\",\"@id\":\"https:\\\/\\\/www.dynatos.com\\\/de\\\/blog\\\/estonia-blocks-vida-proposal-again\\\/\",\"url\":\"https:\\\/\\\/www.dynatos.com\\\/de\\\/blog\\\/estonia-blocks-vida-proposal-again\\\/\",\"name\":\"ViDA-Initiative von Estland wegen MwSt gestoppt - Dynatos\",\"isPartOf\":{\"@id\":\"https:\\\/\\\/www.dynatos.com\\\/de\\\/#website\"},\"primaryImageOfPage\":{\"@id\":\"https:\\\/\\\/www.dynatos.com\\\/de\\\/blog\\\/estonia-blocks-vida-proposal-again\\\/#primaryimage\"},\"image\":{\"@id\":\"https:\\\/\\\/www.dynatos.com\\\/de\\\/blog\\\/estonia-blocks-vida-proposal-again\\\/#primaryimage\"},\"thumbnailUrl\":\"https:\\\/\\\/www.dynatos.com\\\/wp-content\\\/uploads\\\/2024\\\/06\\\/Liveblog-Europe.jpg\",\"datePublished\":\"2024-06-26T07:00:10+00:00\",\"dateModified\":\"2025-10-28T08:56:08+00:00\",\"author\":{\"@id\":\"https:\\\/\\\/www.dynatos.com\\\/de\\\/#\\\/schema\\\/person\\\/674330fb5dcc0679e184a0cdfbfbee7e\"},\"description\":\"Estland blockiert das EU-ViDA-Projekt wegen der \u201eDeemed Supplier\u201c-Regelung f\u00fcr KMU. Verhandlungen laufen unter ungarischer Pr\u00e4sidentschaft.\",\"inLanguage\":\"de\",\"potentialAction\":[{\"@type\":\"ReadAction\",\"target\":[\"https:\\\/\\\/www.dynatos.com\\\/de\\\/blog\\\/estonia-blocks-vida-proposal-again\\\/\"]}]},{\"@type\":\"ImageObject\",\"inLanguage\":\"de\",\"@id\":\"https:\\\/\\\/www.dynatos.com\\\/de\\\/blog\\\/estonia-blocks-vida-proposal-again\\\/#primaryimage\",\"url\":\"https:\\\/\\\/www.dynatos.com\\\/wp-content\\\/uploads\\\/2024\\\/06\\\/Liveblog-Europe.jpg\",\"contentUrl\":\"https:\\\/\\\/www.dynatos.com\\\/wp-content\\\/uploads\\\/2024\\\/06\\\/Liveblog-Europe.jpg\",\"width\":1920,\"height\":1280},{\"@type\":\"WebSite\",\"@id\":\"https:\\\/\\\/www.dynatos.com\\\/de\\\/#website\",\"url\":\"https:\\\/\\\/www.dynatos.com\\\/de\\\/\",\"name\":\"Dynatos\",\"description\":\"Intelligent Finance Automation\",\"potentialAction\":[{\"@type\":\"SearchAction\",\"target\":{\"@type\":\"EntryPoint\",\"urlTemplate\":\"https:\\\/\\\/www.dynatos.com\\\/de\\\/?s={search_term_string}\"},\"query-input\":{\"@type\":\"PropertyValueSpecification\",\"valueRequired\":true,\"valueName\":\"search_term_string\"}}],\"inLanguage\":\"de\"},{\"@type\":\"Person\",\"@id\":\"https:\\\/\\\/www.dynatos.com\\\/de\\\/#\\\/schema\\\/person\\\/674330fb5dcc0679e184a0cdfbfbee7e\",\"name\":\"marleen\"}]}<\/script>\n<!-- \/ Yoast SEO Premium plugin. -->","yoast_head_json":{"title":"ViDA-Initiative von Estland wegen MwSt gestoppt - Dynatos","description":"Estland blockiert das EU-ViDA-Projekt wegen der \u201eDeemed Supplier\u201c-Regelung f\u00fcr KMU. Verhandlungen laufen unter ungarischer Pr\u00e4sidentschaft.","robots":{"index":"index","follow":"follow","max-snippet":"max-snippet:-1","max-image-preview":"max-image-preview:large","max-video-preview":"max-video-preview:-1"},"canonical":"https:\/\/www.dynatos.com\/de\/blog\/estonia-blocks-vida-proposal-again\/","og_locale":"de_DE","og_type":"article","og_title":"Estland blockiert den ViDA-Vorschlag erneut beim ECOFIN-Treffen im Juni","og_description":"Estland blockiert das EU-ViDA-Projekt wegen der \u201eDeemed Supplier\u201c-Regelung f\u00fcr KMU. Verhandlungen laufen unter ungarischer Pr\u00e4sidentschaft.","og_url":"https:\/\/www.dynatos.com\/de\/blog\/estonia-blocks-vida-proposal-again\/","og_site_name":"Dynatos","article_published_time":"2024-06-26T07:00:10+00:00","article_modified_time":"2025-10-28T08:56:08+00:00","og_image":[{"width":1920,"height":1280,"url":"https:\/\/www.dynatos.com\/wp-content\/uploads\/2024\/06\/Liveblog-Europe.jpg","type":"image\/jpeg"}],"author":"marleen","twitter_card":"summary_large_image","schema":{"@context":"https:\/\/schema.org","@graph":[{"@type":"Article","@id":"https:\/\/www.dynatos.com\/de\/blog\/estonia-blocks-vida-proposal-again\/#article","isPartOf":{"@id":"https:\/\/www.dynatos.com\/de\/blog\/estonia-blocks-vida-proposal-again\/"},"author":{"name":"marleen","@id":"https:\/\/www.dynatos.com\/de\/#\/schema\/person\/674330fb5dcc0679e184a0cdfbfbee7e"},"headline":"Estland blockiert den ViDA-Vorschlag erneut beim ECOFIN-Treffen im Juni","datePublished":"2024-06-26T07:00:10+00:00","dateModified":"2025-10-28T08:56:08+00:00","mainEntityOfPage":{"@id":"https:\/\/www.dynatos.com\/de\/blog\/estonia-blocks-vida-proposal-again\/"},"wordCount":211,"image":{"@id":"https:\/\/www.dynatos.com\/de\/blog\/estonia-blocks-vida-proposal-again\/#primaryimage"},"thumbnailUrl":"https:\/\/www.dynatos.com\/wp-content\/uploads\/2024\/06\/Liveblog-Europe.jpg","articleSection":["Liveblog"],"inLanguage":"de"},{"@type":"WebPage","@id":"https:\/\/www.dynatos.com\/de\/blog\/estonia-blocks-vida-proposal-again\/","url":"https:\/\/www.dynatos.com\/de\/blog\/estonia-blocks-vida-proposal-again\/","name":"ViDA-Initiative von Estland wegen MwSt gestoppt - Dynatos","isPartOf":{"@id":"https:\/\/www.dynatos.com\/de\/#website"},"primaryImageOfPage":{"@id":"https:\/\/www.dynatos.com\/de\/blog\/estonia-blocks-vida-proposal-again\/#primaryimage"},"image":{"@id":"https:\/\/www.dynatos.com\/de\/blog\/estonia-blocks-vida-proposal-again\/#primaryimage"},"thumbnailUrl":"https:\/\/www.dynatos.com\/wp-content\/uploads\/2024\/06\/Liveblog-Europe.jpg","datePublished":"2024-06-26T07:00:10+00:00","dateModified":"2025-10-28T08:56:08+00:00","author":{"@id":"https:\/\/www.dynatos.com\/de\/#\/schema\/person\/674330fb5dcc0679e184a0cdfbfbee7e"},"description":"Estland blockiert das EU-ViDA-Projekt wegen der \u201eDeemed Supplier\u201c-Regelung f\u00fcr KMU. Verhandlungen laufen unter ungarischer Pr\u00e4sidentschaft.","inLanguage":"de","potentialAction":[{"@type":"ReadAction","target":["https:\/\/www.dynatos.com\/de\/blog\/estonia-blocks-vida-proposal-again\/"]}]},{"@type":"ImageObject","inLanguage":"de","@id":"https:\/\/www.dynatos.com\/de\/blog\/estonia-blocks-vida-proposal-again\/#primaryimage","url":"https:\/\/www.dynatos.com\/wp-content\/uploads\/2024\/06\/Liveblog-Europe.jpg","contentUrl":"https:\/\/www.dynatos.com\/wp-content\/uploads\/2024\/06\/Liveblog-Europe.jpg","width":1920,"height":1280},{"@type":"WebSite","@id":"https:\/\/www.dynatos.com\/de\/#website","url":"https:\/\/www.dynatos.com\/de\/","name":"Dynatos","description":"Intelligent Finance Automation","potentialAction":[{"@type":"SearchAction","target":{"@type":"EntryPoint","urlTemplate":"https:\/\/www.dynatos.com\/de\/?s={search_term_string}"},"query-input":{"@type":"PropertyValueSpecification","valueRequired":true,"valueName":"search_term_string"}}],"inLanguage":"de"},{"@type":"Person","@id":"https:\/\/www.dynatos.com\/de\/#\/schema\/person\/674330fb5dcc0679e184a0cdfbfbee7e","name":"marleen"}]}},"_links":{"self":[{"href":"https:\/\/www.dynatos.com\/de\/wp-json\/wp\/v2\/posts\/44275","targetHints":{"allow":["GET"]}}],"collection":[{"href":"https:\/\/www.dynatos.com\/de\/wp-json\/wp\/v2\/posts"}],"about":[{"href":"https:\/\/www.dynatos.com\/de\/wp-json\/wp\/v2\/types\/post"}],"author":[{"embeddable":true,"href":"https:\/\/www.dynatos.com\/de\/wp-json\/wp\/v2\/users\/6"}],"replies":[{"embeddable":true,"href":"https:\/\/www.dynatos.com\/de\/wp-json\/wp\/v2\/comments?post=44275"}],"version-history":[{"count":0,"href":"https:\/\/www.dynatos.com\/de\/wp-json\/wp\/v2\/posts\/44275\/revisions"}],"wp:featuredmedia":[{"embeddable":true,"href":"https:\/\/www.dynatos.com\/de\/wp-json\/wp\/v2\/media\/38624"}],"wp:attachment":[{"href":"https:\/\/www.dynatos.com\/de\/wp-json\/wp\/v2\/media?parent=44275"}],"wp:term":[{"taxonomy":"category","embeddable":true,"href":"https:\/\/www.dynatos.com\/de\/wp-json\/wp\/v2\/categories?post=44275"},{"taxonomy":"post_tag","embeddable":true,"href":"https:\/\/www.dynatos.com\/de\/wp-json\/wp\/v2\/tags?post=44275"}],"curies":[{"name":"wp","href":"https:\/\/api.w.org\/{rel}","templated":true}]}}